{"id":237546,"date":"2023-09-25T13:43:03","date_gmt":"2023-09-25T16:43:03","guid":{"rendered":"https:\/\/www.redenoticia.com.br\/noticia\/?p=237546"},"modified":"2023-09-25T13:43:03","modified_gmt":"2023-09-25T16:43:03","slug":"resumo-a-infancia-de-romeu-e-julieta-26-09-romeu-espia-o-dialogo-dos-pais","status":"publish","type":"post","link":"https:\/\/migracao.redenoticia.com.br\/noticia\/2023\/resumo-a-infancia-de-romeu-e-julieta-26-09-romeu-espia-o-dialogo-dos-pais\/237546","title":{"rendered":"Resumo \u201cA Inf\u00e2ncia de Romeu e Julieta\u201d 26\/09: Romeu espia o di\u00e1logo dos pais"},"content":{"rendered":"<p> <img loading=\"lazy\" decoding=\"async\" src=\"https:\/\/migracao.redenoticia.com.br\/noticia\/imagens\/novela-romeu-e-julieta-sbt-elenco-resumo.jpg\" alt=\"\" width=\"1280\" height=\"720\" class=\"aligncenter size-full wp-image-232242\" srcset=\"https:\/\/migracao.redenoticia.com.br\/noticia\/imagens\/novela-romeu-e-julieta-sbt-elenco-resumo.jpg 1280w, https:\/\/migracao.redenoticia.com.br\/noticia\/imagens\/novela-romeu-e-julieta-sbt-elenco-resumo-250x140.jpg 250w, https:\/\/migracao.redenoticia.com.br\/noticia\/imagens\/novela-romeu-e-julieta-sbt-elenco-resumo-400x225.jpg 400w, https:\/\/migracao.redenoticia.com.br\/noticia\/imagens\/novela-romeu-e-julieta-sbt-elenco-resumo-768x432.jpg 768w, https:\/\/migracao.redenoticia.com.br\/noticia\/imagens\/novela-romeu-e-julieta-sbt-elenco-resumo-150x84.jpg 150w\" sizes=\"auto, (max-width: 1280px) 100vw, 1280px\" \/><\/p>\n<p><strong><em>Resumo da novela \u201cA Inf\u00e2ncia de Romeu e Julieta\u201d<\/em><\/strong> em 26\/09: no cap\u00edtulo 102(*) da novela, Daniel convida Bass\u00e2nio para tocar no restaurante. No Monter Mercado, Vitor fala para P\u00f3rcia que Bass\u00e2nio a feriu. H\u00e9lio d\u00e1 a oportunidade de Enzo realizar o treino no CEC. Na Monter Holding, Enzo comenta com Leandro que apresentou um m\u00e9todo a H\u00e9lio para organizar o CEC e que existem pontos que H\u00e9lio precisa mudar com urg\u00eancia. Fred escuta tudo atr\u00e1s da porta. Fred repassa a Glaucia que H\u00e9lio n\u00e3o est\u00e1 administrando bem o neg\u00f3cio. Karen assegura a Vera que n\u00e3o est\u00e1 deixando Julieta se aproximar de Romeu. Bernardo quer saber o motivo de Vera pedir para Karen vigiar o filho. Romeu espia o di\u00e1logo dos pais. Bernardo sinaliza que Vera n\u00e3o confia em Romeu. L\u00edvia decide abandonar o time do Lado Vila e notifica os amigos, ela afirma que est\u00e1 cansada da sua turma. Alex, Nando e Rosalina aparecem para refor\u00e7ar que L\u00edvia agora faz parte do Lado Torre.<\/p>\n<p>Uma mo\u00e7a alterada surge em Castanheiras e persegue Ian, que corre at\u00e9 o Armaz\u00e9m pedindo ajuda para Amanda. No vesti\u00e1rio, L\u00edvia argumenta para Julieta que n\u00e3o se sentia confort\u00e1vel com Sofia e decidiu sair do time. Julieta se decepciona com trai\u00e7\u00e3o de L\u00edvia, ainda mais perto do campeonato. L\u00edvia rebate afirmando que Julieta s\u00f3 se preocupa com o campeonato e que ela s\u00f3 estava na equipe por d\u00f3 dos amigos. As crian\u00e7as do Lado Torre decidem colocar Nando no banco de reserva, j\u00e1 que agora eles t\u00eam uma pessoa a mais no time. H\u00e9lio oferece um aluno para compor o time do Lado Vila, o Nino. Julieta, T\u00e9o, Patrick e Sofia acham o garoto estranho, mas aceitam por falta de op\u00e7\u00e3o. Mariana marca outro encontro com um novo rapaz do aplicativo. O homem vai at\u00e9 o Armaz\u00e9m buscar Mariana, e Daniel fica com ci\u00fame.<\/p>\n<p>(*) edi\u00e7\u00e3o das novelas do SBT, \u201cA Inf\u00e2ncia de Romeu e Julieta\u201d, sujeito a altera\u00e7\u00e3o de data e conte\u00fado.<\/p>\n<p>Sinopse \u201cA Inf\u00e2ncia de Romeu e Julieta\u201d: A Trama se passa no bairro chamado castanheiras, em que duas fam\u00edlias com propostas diferentes para esse bairro vivem em disc\u00f3rdia, sendo divididas entre os lados Torre (Campos) e Vila (Monteiro).[6] Entretanto, Romeu (Miguel \u00c2ngelo) e Julieta (Vitt\u00f3ria Seixas) se conhecem, da\u00ed em diante, as fam\u00edlias rivais t\u00eam uma nova oportunidade de trazer paz e uni\u00e3o entre o conv\u00edvio deles. <\/p>\n<p>Romeu e Julieta n\u00e3o sabem como v\u00e3o fazer para ficarem juntos. A not\u00edcia do romance chega \u00e0s fam\u00edlias, que n\u00e3o gostam nada da hist\u00f3ria e tratam de afasta-los imediatamente, aprontando v\u00e1rias situa\u00e7\u00f5es. Romeu e Julieta querem acabar com essa hostilidade e tentam ir atr\u00e1s de uma solu\u00e7\u00e3o, mas ao descobrirem mais sobre a hist\u00f3ria de seus pais, percebem que pode ser imposs\u00edvel.<\/p>\n","protected":false},"excerpt":{"rendered":"<p>Resumo da novela \u201cA Inf\u00e2ncia de Romeu e Julieta\u201d em 26\/09: no cap\u00edtulo 102(*) da novela, Daniel convida Bass\u00e2nio para tocar no restaurante. No Monter Mercado, Vitor fala para P\u00f3rcia que Bass\u00e2nio a feriu. H\u00e9lio d\u00e1 a oportunidade de Enzo realizar o treino no CEC. Na Monter Holding, Enzo comenta com Leandro que apresentou um [&hellip;]<\/p>\n","protected":false},"author":3,"featured_media":232241,"comment_status":"closed","ping_status":"closed","sticky":false,"template":"","format":"standard","meta":{"tdm_status":"","tdm_grid_status":"","footnotes":""},"categories":[2306,379,2025,372,343],"tags":[441],"class_list":{"0":"post-237546","1":"post","2":"type-post","3":"status-publish","4":"format-standard","5":"has-post-thumbnail","7":"category-novela-romeu-e-julieta","8":"category-novelas","9":"category-resumo","10":"category-sbt","11":"category-televisao","12":"tag-resumo-do-dia"},"_links":{"self":[{"href":"https:\/\/migracao.redenoticia.com.br\/noticia\/wp-json\/wp\/v2\/posts\/237546","targetHints":{"allow":["GET"]}}],"collection":[{"href":"https:\/\/migracao.redenoticia.com.br\/noticia\/wp-json\/wp\/v2\/posts"}],"about":[{"href":"https:\/\/migracao.redenoticia.com.br\/noticia\/wp-json\/wp\/v2\/types\/post"}],"author":[{"embeddable":true,"href":"https:\/\/migracao.redenoticia.com.br\/noticia\/wp-json\/wp\/v2\/users\/3"}],"replies":[{"embeddable":true,"href":"https:\/\/migracao.redenoticia.com.br\/noticia\/wp-json\/wp\/v2\/comments?post=237546"}],"version-history":[{"count":0,"href":"https:\/\/migracao.redenoticia.com.br\/noticia\/wp-json\/wp\/v2\/posts\/237546\/revisions"}],"wp:featuredmedia":[{"embeddable":true,"href":"https:\/\/migracao.redenoticia.com.br\/noticia\/wp-json\/wp\/v2\/media\/232241"}],"wp:attachment":[{"href":"https:\/\/migracao.redenoticia.com.br\/noticia\/wp-json\/wp\/v2\/media?parent=237546"}],"wp:term":[{"taxonomy":"category","embeddable":true,"href":"https:\/\/migracao.redenoticia.com.br\/noticia\/wp-json\/wp\/v2\/categories?post=237546"},{"taxonomy":"post_tag","embeddable":true,"href":"https:\/\/migracao.redenoticia.com.br\/noticia\/wp-json\/wp\/v2\/tags?post=237546"}],"curies":[{"name":"wp","href":"https:\/\/api.w.org\/{rel}","templated":true}]}}