{"id":237550,"date":"2023-09-25T13:45:44","date_gmt":"2023-09-25T16:45:44","guid":{"rendered":"https:\/\/www.redenoticia.com.br\/noticia\/?p=237550"},"modified":"2023-09-25T13:45:44","modified_gmt":"2023-09-25T16:45:44","slug":"resumo-sera-isso-amor-26-09-alptekin-visita-aydan-para-contar-algo-importante","status":"publish","type":"post","link":"https:\/\/migracao.redenoticia.com.br\/noticia\/2023\/resumo-sera-isso-amor-26-09-alptekin-visita-aydan-para-contar-algo-importante\/237550","title":{"rendered":"Resumo \u201cSer\u00e1 Isso Amor?\u201d 26\/09: Alptekin visita Aydan para contar algo importante"},"content":{"rendered":"<p> <img loading=\"lazy\" decoding=\"async\" class=\"aligncenter size-full wp-image-235988\" src=\"https:\/\/migracao.redenoticia.com.br\/noticia\/imagens\/novela-sera-isso-amor-tnt-resumo-elenco.jpg\" alt=\"\" width=\"1280\" height=\"720\" srcset=\"https:\/\/migracao.redenoticia.com.br\/noticia\/imagens\/novela-sera-isso-amor-tnt-resumo-elenco.jpg 1280w, https:\/\/migracao.redenoticia.com.br\/noticia\/imagens\/novela-sera-isso-amor-tnt-resumo-elenco-250x140.jpg 250w, https:\/\/migracao.redenoticia.com.br\/noticia\/imagens\/novela-sera-isso-amor-tnt-resumo-elenco-400x225.jpg 400w, https:\/\/migracao.redenoticia.com.br\/noticia\/imagens\/novela-sera-isso-amor-tnt-resumo-elenco-768x432.jpg 768w, https:\/\/migracao.redenoticia.com.br\/noticia\/imagens\/novela-sera-isso-amor-tnt-resumo-elenco-150x84.jpg 150w\" sizes=\"auto, (max-width: 1280px) 100vw, 1280px\" \/><\/p>\n<p><strong><em>Resumo da novela \u201cSer\u00e1 Isso Amor?\u201d<\/em><\/strong> em 26\/09: no cap\u00edtulo 067(*) da novela, Serkan, que beijou Eda no elevador, recebe um tapa em resposta e a garota o lembra do acordo que assinaram. Enquanto come no restaurante, Eda conversa com Serkan sobre a necessidade de mudan\u00e7a. Selin diz a Serkan que Ferit vazou o contrato de noivado, ela o escondeu, e Ceren e Eda tamb\u00e9m sabiam, mas esconderam dele. Ela anuncia que deseja deixar seu emprego de rela\u00e7\u00f5es p\u00fablicas na empresa e transfere os 5% das a\u00e7\u00f5es da empresa para Serkan. Ela conta que Efe a chantageou, mas ela n\u00e3o cedeu e que precisa de um novo come\u00e7o. A garota vai para a Dinamarca.<\/p>\n<p>Alptekin visita Aydan para contar algo importante e Serkan encontra um castigo adequado para as mentiras de Eda. &#8230; Alptekin diz a Aydan que quer o div\u00f3rcio e deixa tudo, exceto sua riqueza pessoal, para seu filho. Ele vai at\u00e9 a empresa e se despede de Serkan. Serkan, que descobre que Eda escondeu dele o incidente de Selin e Ferit, quer puni-la. Ele quer que Eda cumpra pelo menos 3 desejos. O primeiro: Ele quer que ela v\u00e1 at\u00e9 sua casa sem avisar, assista a um filme e coma pipoca. Ayfer manda comida em uma lancheira para um famoso chef; O chef gosta tanto que marca e compartilha nas redes sociais. Eles trocam receitas online. Engin quer que sua m\u00e3e conhe\u00e7a P?r?l naquele fim de semana, mas o homem fica confuso quando a garota diz que trabalha o tempo todo. Depois de se encontrar com algumas pessoas, ele decide propor casamento a P?r?l. Ele pensa em como propor casamento e o faz montado em um cavalo branco durante a festa da Sra. Atdan. Piril aceita. <\/p>\n<p>(*) edi\u00e7\u00e3o das novelas da TNT\/HBO, \u201cSer\u00e1 Isso Amor?\u201d, sujeito a altera\u00e7\u00e3o de data e conte\u00fado.<\/p>\n<p>Sinopse &#8220;Ser\u00e1 Isso Amor?&#8221;: (Primeira Temporada) Eda n\u00e3o consegue concluir sua gradua\u00e7\u00e3o na faculdade de arquitetura paisag\u00edstica por causa de Serkan Bolat. Serkan tem uma ex-namorada, Selin, que ficou noiva recentemente ap\u00f3s o rompimento. Para recuper\u00e1-la, Serkan oferece a Eda um contrato segundo o qual ela deve fingir ser sua noiva por dois meses. Ela aceita a oferta e n\u00e3o demora para surgir algo entre eles. <\/p>\n<p>(Segunda Temporada) Serkan e Eda passam por momentos dif\u00edceis durante o tratamento de c\u00e2ncer dele, que fica obcecado com sua doen\u00e7a e que vira um homem completamente diferente ap\u00f3s sobreviver. Serkan volta a se concentrar apenas em seu trabalho, que aos poucos o afasta de Eda. Mais tarde, ela vai para a It\u00e1lia para concluir seus estudos, enquanto Serkan continua com sua vida. Mas quando eles finalmente se reencontram ap\u00f3s 5 longos anos, a vida tem uma surpresa para ambos.<\/p>\n","protected":false},"excerpt":{"rendered":"<p>Resumo da novela \u201cSer\u00e1 Isso Amor?\u201d em 26\/09: no cap\u00edtulo 067(*) da novela, Serkan, que beijou Eda no elevador, recebe um tapa em resposta e a garota o lembra do acordo que assinaram. Enquanto come no restaurante, Eda conversa com Serkan sobre a necessidade de mudan\u00e7a. Selin diz a Serkan que Ferit vazou o contrato [&hellip;]<\/p>\n","protected":false},"author":2,"featured_media":235990,"comment_status":"closed","ping_status":"closed","sticky":false,"template":"","format":"standard","meta":{"tdm_status":"","tdm_grid_status":"","footnotes":""},"categories":[379,2025,2316,343,2315],"tags":[441],"class_list":{"0":"post-237550","1":"post","2":"type-post","3":"status-publish","4":"format-standard","5":"has-post-thumbnail","7":"category-novelas","8":"category-resumo","9":"category-sera-isso-amor","10":"category-televisao","11":"category-tnt","12":"tag-resumo-do-dia"},"_links":{"self":[{"href":"https:\/\/migracao.redenoticia.com.br\/noticia\/wp-json\/wp\/v2\/posts\/237550","targetHints":{"allow":["GET"]}}],"collection":[{"href":"https:\/\/migracao.redenoticia.com.br\/noticia\/wp-json\/wp\/v2\/posts"}],"about":[{"href":"https:\/\/migracao.redenoticia.com.br\/noticia\/wp-json\/wp\/v2\/types\/post"}],"author":[{"embeddable":true,"href":"https:\/\/migracao.redenoticia.com.br\/noticia\/wp-json\/wp\/v2\/users\/2"}],"replies":[{"embeddable":true,"href":"https:\/\/migracao.redenoticia.com.br\/noticia\/wp-json\/wp\/v2\/comments?post=237550"}],"version-history":[{"count":0,"href":"https:\/\/migracao.redenoticia.com.br\/noticia\/wp-json\/wp\/v2\/posts\/237550\/revisions"}],"wp:featuredmedia":[{"embeddable":true,"href":"https:\/\/migracao.redenoticia.com.br\/noticia\/wp-json\/wp\/v2\/media\/235990"}],"wp:attachment":[{"href":"https:\/\/migracao.redenoticia.com.br\/noticia\/wp-json\/wp\/v2\/media?parent=237550"}],"wp:term":[{"taxonomy":"category","embeddable":true,"href":"https:\/\/migracao.redenoticia.com.br\/noticia\/wp-json\/wp\/v2\/categories?post=237550"},{"taxonomy":"post_tag","embeddable":true,"href":"https:\/\/migracao.redenoticia.com.br\/noticia\/wp-json\/wp\/v2\/tags?post=237550"}],"curies":[{"name":"wp","href":"https:\/\/api.w.org\/{rel}","templated":true}]}}