{"id":237551,"date":"2023-09-25T13:46:45","date_gmt":"2023-09-25T16:46:45","guid":{"rendered":"https:\/\/www.redenoticia.com.br\/noticia\/?p=237551"},"modified":"2023-09-25T13:46:45","modified_gmt":"2023-09-25T16:46:45","slug":"resumo-iludida-26-09-derin-tem-um-aborto-espontaneo-e-e-tratada-por-derya","status":"publish","type":"post","link":"https:\/\/migracao.redenoticia.com.br\/noticia\/2023\/resumo-iludida-26-09-derin-tem-um-aborto-espontaneo-e-e-tratada-por-derya\/237551","title":{"rendered":"Resumo \u201cIludida\u201d 26\/09: Derin tem um aborto espont\u00e2neo e \u00e9 tratada por Derya"},"content":{"rendered":"<p> <img loading=\"lazy\" decoding=\"async\" class=\"aligncenter size-full wp-image-235992\" src=\"https:\/\/migracao.redenoticia.com.br\/noticia\/imagens\/novela-iludida-logo-resumo-canal-tnt.jpg\" alt=\"\" width=\"1280\" height=\"720\" srcset=\"https:\/\/migracao.redenoticia.com.br\/noticia\/imagens\/novela-iludida-logo-resumo-canal-tnt.jpg 1280w, https:\/\/migracao.redenoticia.com.br\/noticia\/imagens\/novela-iludida-logo-resumo-canal-tnt-250x140.jpg 250w, https:\/\/migracao.redenoticia.com.br\/noticia\/imagens\/novela-iludida-logo-resumo-canal-tnt-400x225.jpg 400w, https:\/\/migracao.redenoticia.com.br\/noticia\/imagens\/novela-iludida-logo-resumo-canal-tnt-768x432.jpg 768w, https:\/\/migracao.redenoticia.com.br\/noticia\/imagens\/novela-iludida-logo-resumo-canal-tnt-150x84.jpg 150w\" sizes=\"auto, (max-width: 1280px) 100vw, 1280px\" \/><\/p>\n<p><strong><em>Resumo da novela \u201cIludida\u201d<\/em><\/strong> em 26\/09: no cap\u00edtulo 067(*) da novela, Asya se recupera, ela n\u00e3o fica feliz em ter Volkan no comando. O ex-marido, que virou sua vida de cabe\u00e7a para baixo e disse que ainda queria ficar com ela, come\u00e7a a aborrec\u00ea-la. Seus discursos sobre arrependimento pelo div\u00f3rcio nunca terminam, n\u00e3o importa o que a mulher diga. No entanto, nem tudo \u00e9 alegria para Asya. Acontece que Derin a acusou de ter planejado seu sequestro. &#8220;A jovem disse-nos que parecia uma coincid\u00eancia ter sido raptada por duas pessoas que a tratam como a sua hero\u00edna&#8221;, diz o comiss\u00e1rio encarregado do caso. Quando G\u00f6n\u00fcl recebe a not\u00edcia de que sua filha sobreviveu, ela liga para o marido com alegria, mas quando sua assistente atende o telefone, ela descobre que Haluk teve um ataque card\u00edaco. Ele vai para o hospital. Ele \u00e9 intervencionado e espera-se que recupere o ju\u00edzo. Eles n\u00e3o contam isso a Derin no momento, mas quando ela chega em casa, fica com raiva da filha por organizar o sequestro. Ent\u00e3o ela fica chateada ao saber que na verdade foi sequestrada e mantida em cativeiro. Tanto Derin quanto Demir v\u00e3o ver o pai no hospital. <\/p>\n<p>Em seus depoimentos, os sequestradores dizem que Derin atirou em Asya. Derin, por outro lado, culpa Asya. Volkan conta toda a verdade para Derin. &#8230; G\u00f6n\u00fcl alerta constantemente a filha para colocar toda a culpa em Faruk e sua esposa quando ela for \u00e0 delegacia, mas Derin n\u00e3o consegue se conter. Sua raiva e ci\u00fame de Asya s\u00e3o tantos que ela faz uma declara\u00e7\u00e3o como se ela tivesse instigado Faruk e sua esposa. Eles tamb\u00e9m chamam Asya para um local seguro. Asya fica surpresa ao ouvir as acusa\u00e7\u00f5es. Ela at\u00e9 considera contar \u00e0 pol\u00edcia sobre o falso desaparecimento de Derin e querer colocar a culpa em Volkan. Quando Asya sai da delegacia, ela diz a Derin para retirar suas acusa\u00e7\u00f5es ou ela contar\u00e1 a hist\u00f3ria que come\u00e7ou com o falso sequestro. G\u00f6n\u00fcl descobre que sua filha ainda est\u00e1 tentando culpar Asya. Ela fica muito brava com Derin. Volkan tamb\u00e9m diz a Derin que quer o div\u00f3rcio, mas sua esposa, com pena de si mesma e chorando, convence Volkan a ficar com ela at\u00e9 o nascimento do beb\u00ea. Bahar sugere isso para Melih. Al\u00e9m disso, Bahar conta a Volkan o que aconteceu. A m\u00e9dica volta assim a ocupar a primeira posi\u00e7\u00e3o na lista de suspeitos. <\/p>\n<p>Quando Volkan descobre as falsas acusa\u00e7\u00f5es de sua esposa contra Asya, ele a confronta. \u201cUma vez voc\u00ea me perguntou por que eu amo Asya e n\u00e3o voc\u00ea. Bem, porque ela n\u00e3o faz as mesmas maldades que voc\u00ea \u201d, sentencia o arquiteto antes de pedir novamente o div\u00f3rcio. Derin, muito afetada pela discuss\u00e3o, tem um aborto espont\u00e2neo e \u00e9 tratada por Derya na cl\u00ednica. Depois de experimentar profundos acessos de raiva e ouvir que o marido quer o div\u00f3rcio, ela sofre uma hemorragia e perde o beb\u00ea. Ela chantageia Derya para n\u00e3o contar a ningu\u00e9m sobre isso. A jovem exige sigilo sobre a perda do beb\u00ea ou a processa por quebra de sigilo profissional. Haluk sofre uma convuls\u00e3o e \u00e9 levado \u00e0s pressas para o hospital Tekirdag. G\u00f6nul, muito aflita com sua condi\u00e7\u00e3o, n\u00e3o sai do seu lado e Sel\u00e7uk, apesar de suas diferen\u00e7as, tamb\u00e9m se preocupa em saber como ele est\u00e1. Agora que perdeu a m\u00e3e, ele n\u00e3o quer que o pai morra tamb\u00e9m&#8230;. Ao cair da noite, Derin muda o rumo para recuperar Volkan. Ela se desculpa por acusar Asya \u00e0 pol\u00edcia e promete retificar sua declara\u00e7\u00e3o para que ela n\u00e3o seja mais uma suspeita. Em troca, ela pede que ele n\u00e3o se divorcie dela at\u00e9 o nascimento de seu suposto beb\u00ea: &#8220;Preciso de voc\u00ea ao meu lado neste processo&#8221;. Volkan concorda.<\/p>\n<p>(*) edi\u00e7\u00e3o das novelas da TNT\/HBO, \u201cIludida\u201d, sujeito a altera\u00e7\u00e3o de data e conte\u00fado.<\/p>\n<p>Sinopse &#8220;Iludida&#8221;: Com apenas 37 anos, Asya \u00e9 vice-diretora e m\u00e9dica em um hospital da cidade de Tekirdag. Al\u00e9m de ter uma carreira profissional de sucesso, leva uma vida tranquila com o seu marido Volkan e seu filho Ali. Ela parece ter tudo: um trabalho perfeito, uma casa linda e uma fam\u00edlia feliz. Asya se sente a mulher mais sortuda do mundo, o que mais ela poderia pedir? Tudo na sua vida parecia ser cor-de-rosa, at\u00e9 que ela descobre um cabelo loiro no cachecol do seu marido, o que a transforma em uma pessoa obsessiva e incapaz de confiar nas pessoas ao seu redor. Por\u00e9m, ela n\u00e3o se engana em desconfiar deles: aos poucos, Asya descobre uma rede de mentiras que a leva a perceber que a sua vida n\u00e3o era t\u00e3o perfeita como ela pensava.<\/p>\n","protected":false},"excerpt":{"rendered":"<p>Resumo da novela \u201cIludida\u201d em 26\/09: no cap\u00edtulo 067(*) da novela, Asya se recupera, ela n\u00e3o fica feliz em ter Volkan no comando. O ex-marido, que virou sua vida de cabe\u00e7a para baixo e disse que ainda queria ficar com ela, come\u00e7a a aborrec\u00ea-la. Seus discursos sobre arrependimento pelo div\u00f3rcio nunca terminam, n\u00e3o importa o [&hellip;]<\/p>\n","protected":false},"author":4,"featured_media":235991,"comment_status":"closed","ping_status":"closed","sticky":false,"template":"","format":"standard","meta":{"tdm_status":"","tdm_grid_status":"","footnotes":""},"categories":[2317,379,2025,343,2315],"tags":[441],"class_list":{"0":"post-237551","1":"post","2":"type-post","3":"status-publish","4":"format-standard","5":"has-post-thumbnail","7":"category-iludida","8":"category-novelas","9":"category-resumo","10":"category-televisao","11":"category-tnt","12":"tag-resumo-do-dia"},"_links":{"self":[{"href":"https:\/\/migracao.redenoticia.com.br\/noticia\/wp-json\/wp\/v2\/posts\/237551","targetHints":{"allow":["GET"]}}],"collection":[{"href":"https:\/\/migracao.redenoticia.com.br\/noticia\/wp-json\/wp\/v2\/posts"}],"about":[{"href":"https:\/\/migracao.redenoticia.com.br\/noticia\/wp-json\/wp\/v2\/types\/post"}],"author":[{"embeddable":true,"href":"https:\/\/migracao.redenoticia.com.br\/noticia\/wp-json\/wp\/v2\/users\/4"}],"replies":[{"embeddable":true,"href":"https:\/\/migracao.redenoticia.com.br\/noticia\/wp-json\/wp\/v2\/comments?post=237551"}],"version-history":[{"count":0,"href":"https:\/\/migracao.redenoticia.com.br\/noticia\/wp-json\/wp\/v2\/posts\/237551\/revisions"}],"wp:featuredmedia":[{"embeddable":true,"href":"https:\/\/migracao.redenoticia.com.br\/noticia\/wp-json\/wp\/v2\/media\/235991"}],"wp:attachment":[{"href":"https:\/\/migracao.redenoticia.com.br\/noticia\/wp-json\/wp\/v2\/media?parent=237551"}],"wp:term":[{"taxonomy":"category","embeddable":true,"href":"https:\/\/migracao.redenoticia.com.br\/noticia\/wp-json\/wp\/v2\/categories?post=237551"},{"taxonomy":"post_tag","embeddable":true,"href":"https:\/\/migracao.redenoticia.com.br\/noticia\/wp-json\/wp\/v2\/tags?post=237551"}],"curies":[{"name":"wp","href":"https:\/\/api.w.org\/{rel}","templated":true}]}}