{"id":237559,"date":"2023-09-25T13:58:56","date_gmt":"2023-09-25T16:58:56","guid":{"rendered":"https:\/\/www.redenoticia.com.br\/noticia\/?p=237559"},"modified":"2023-09-25T13:58:56","modified_gmt":"2023-09-25T16:58:56","slug":"resumo-elas-por-elas-26-09-tais-revela-a-renee-que-atila-e-herbert","status":"publish","type":"post","link":"https:\/\/migracao.redenoticia.com.br\/noticia\/2023\/resumo-elas-por-elas-26-09-tais-revela-a-renee-que-atila-e-herbert\/237559","title":{"rendered":"Resumo &#8220;Elas por Elas&#8221; 26\/09: Ta\u00eds revela a Ren\u00e9e que \u00c1tila \u00e9 Herbert"},"content":{"rendered":"<p> <img loading=\"lazy\" decoding=\"async\" src=\"https:\/\/migracao.redenoticia.com.br\/noticia\/imagens\/elas-por-elas-resumo-elenco-globo.jpg\" alt=\"\" width=\"1280\" height=\"720\" class=\"aligncenter size-full wp-image-237222\" srcset=\"https:\/\/migracao.redenoticia.com.br\/noticia\/imagens\/elas-por-elas-resumo-elenco-globo.jpg 1280w, https:\/\/migracao.redenoticia.com.br\/noticia\/imagens\/elas-por-elas-resumo-elenco-globo-250x140.jpg 250w, https:\/\/migracao.redenoticia.com.br\/noticia\/imagens\/elas-por-elas-resumo-elenco-globo-400x225.jpg 400w, https:\/\/migracao.redenoticia.com.br\/noticia\/imagens\/elas-por-elas-resumo-elenco-globo-768x432.jpg 768w, https:\/\/migracao.redenoticia.com.br\/noticia\/imagens\/elas-por-elas-resumo-elenco-globo-150x84.jpg 150w\" sizes=\"auto, (max-width: 1280px) 100vw, 1280px\" \/><\/p>\n<p><strong><em>Resumo da novela &#8220;Elas por Elas&#8221;<\/em><\/strong> em 26\/09: no cap\u00edtulo 002(*) da novela, \u00c1tila se desespera ao reconhecer Ta\u00eds, mas ambos disfar\u00e7am na frente de Lara. Giovanni se defende das acusa\u00e7\u00f5es de \u00cdsis. Marlene passa mal, e Adriana deixa as amigas para ir ao encontro da tia. Nat\u00e1lia chega ao evento de Lara e nota a \u00faltima foto de Bruno. Helena \u00e9 notificada da confus\u00e3o em sua empresa. Ren\u00e9e surpreende as antigas amigas. <\/p>\n<p>Edu se incomoda quando \u00c9rica diz que Ren\u00e9e dormir\u00e1 em sua casa. Jonas e Adriana se reencontram ao apartar a briga entre os filhos Giovanni e \u00cdsis. Giovanni ajuda \u00cdsis. Ta\u00eds revela a Ren\u00e9e que \u00c1tila \u00e9 Herbert. Yeda e Cris alertam Lara para o comportamento de \u00c1tila. \u00c1tila afirma amar Ta\u00eds e diz que ir\u00e1 se separar de Lara. Adriana confessa ainda ter sentimentos por Jonas. \u00c1tila passa mal e morre nos bra\u00e7os de Ta\u00eds.<\/p>\n<p>(*) edi\u00e7\u00e3o das novelas da Globo, &#8220;Elas por Elas&#8221;, sujeito a altera\u00e7\u00e3o de data e conte\u00fado.<\/p>\n<p>Sinopse \u201cElas por Elas\u201d: A trama \u00e9 centrada na hist\u00f3ria de sete amigas dos tempos de col\u00e9gio que n\u00e3o se veem h\u00e1 vinte anos. A mais velha do grupo encontra uma foto das amigas e uma onda de lembran\u00e7as e saudosismo invade sua cabe\u00e7a. Com vontade de reencontr\u00e1-las, ela decide localizar uma por uma e promove uma reuni\u00e3o em sua casa. Todas comparecem ao evento, felizes com o reencontro. No entanto, as lembran\u00e7as do passado e coincid\u00eancias do presente v\u00eam \u00e0 tona, afetando novamente a vida de todas do grupo.<\/p>\n","protected":false},"excerpt":{"rendered":"<p>Resumo da novela &#8220;Elas por Elas&#8221; em 26\/09: no cap\u00edtulo 002(*) da novela, \u00c1tila se desespera ao reconhecer Ta\u00eds, mas ambos disfar\u00e7am na frente de Lara. Giovanni se defende das acusa\u00e7\u00f5es de \u00cdsis. Marlene passa mal, e Adriana deixa as amigas para ir ao encontro da tia. Nat\u00e1lia chega ao evento de Lara e nota [&hellip;]<\/p>\n","protected":false},"author":4,"featured_media":237224,"comment_status":"closed","ping_status":"closed","sticky":false,"template":"","format":"standard","meta":{"tdm_status":"","tdm_grid_status":"","footnotes":""},"categories":[2318,379,375,2025,343],"tags":[441],"class_list":{"0":"post-237559","1":"post","2":"type-post","3":"status-publish","4":"format-standard","5":"has-post-thumbnail","7":"category-elas-por-elas","8":"category-novelas","9":"category-rede-globo","10":"category-resumo","11":"category-televisao","12":"tag-resumo-do-dia"},"_links":{"self":[{"href":"https:\/\/migracao.redenoticia.com.br\/noticia\/wp-json\/wp\/v2\/posts\/237559","targetHints":{"allow":["GET"]}}],"collection":[{"href":"https:\/\/migracao.redenoticia.com.br\/noticia\/wp-json\/wp\/v2\/posts"}],"about":[{"href":"https:\/\/migracao.redenoticia.com.br\/noticia\/wp-json\/wp\/v2\/types\/post"}],"author":[{"embeddable":true,"href":"https:\/\/migracao.redenoticia.com.br\/noticia\/wp-json\/wp\/v2\/users\/4"}],"replies":[{"embeddable":true,"href":"https:\/\/migracao.redenoticia.com.br\/noticia\/wp-json\/wp\/v2\/comments?post=237559"}],"version-history":[{"count":0,"href":"https:\/\/migracao.redenoticia.com.br\/noticia\/wp-json\/wp\/v2\/posts\/237559\/revisions"}],"wp:featuredmedia":[{"embeddable":true,"href":"https:\/\/migracao.redenoticia.com.br\/noticia\/wp-json\/wp\/v2\/media\/237224"}],"wp:attachment":[{"href":"https:\/\/migracao.redenoticia.com.br\/noticia\/wp-json\/wp\/v2\/media?parent=237559"}],"wp:term":[{"taxonomy":"category","embeddable":true,"href":"https:\/\/migracao.redenoticia.com.br\/noticia\/wp-json\/wp\/v2\/categories?post=237559"},{"taxonomy":"post_tag","embeddable":true,"href":"https:\/\/migracao.redenoticia.com.br\/noticia\/wp-json\/wp\/v2\/tags?post=237559"}],"curies":[{"name":"wp","href":"https:\/\/api.w.org\/{rel}","templated":true}]}}