{"id":237585,"date":"2023-09-26T16:55:35","date_gmt":"2023-09-26T19:55:35","guid":{"rendered":"https:\/\/www.redenoticia.com.br\/noticia\/?p=237585"},"modified":"2023-09-26T16:55:35","modified_gmt":"2023-09-26T19:55:35","slug":"resumo-iludida-27-09-selcuk-tenta-visitar-seu-pai-no-hospital","status":"publish","type":"post","link":"https:\/\/migracao.redenoticia.com.br\/noticia\/2023\/resumo-iludida-27-09-selcuk-tenta-visitar-seu-pai-no-hospital\/237585","title":{"rendered":"Resumo \u201cIludida\u201d 27\/09: Sel\u00e7uk tenta visitar seu pai no hospital"},"content":{"rendered":"<p> <img loading=\"lazy\" decoding=\"async\" class=\"aligncenter size-full wp-image-235992\" src=\"https:\/\/migracao.redenoticia.com.br\/noticia\/imagens\/novela-iludida-logo-resumo-canal-tnt.jpg\" alt=\"\" width=\"1280\" height=\"720\" srcset=\"https:\/\/migracao.redenoticia.com.br\/noticia\/imagens\/novela-iludida-logo-resumo-canal-tnt.jpg 1280w, https:\/\/migracao.redenoticia.com.br\/noticia\/imagens\/novela-iludida-logo-resumo-canal-tnt-250x140.jpg 250w, https:\/\/migracao.redenoticia.com.br\/noticia\/imagens\/novela-iludida-logo-resumo-canal-tnt-400x225.jpg 400w, https:\/\/migracao.redenoticia.com.br\/noticia\/imagens\/novela-iludida-logo-resumo-canal-tnt-768x432.jpg 768w, https:\/\/migracao.redenoticia.com.br\/noticia\/imagens\/novela-iludida-logo-resumo-canal-tnt-150x84.jpg 150w\" sizes=\"auto, (max-width: 1280px) 100vw, 1280px\" \/><\/p>\n<p><strong><em>Resumo da novela \u201cIludida\u201d<\/em><\/strong> em 27\/09: no cap\u00edtulo 068(*) da novela, Volkan descobre as falsas acusa\u00e7\u00f5es de sua esposa contra Asya e a confronta. \u201cUma vez voc\u00ea me perguntou por que eu amo Asya e n\u00e3o voc\u00ea. Bem, porque ela n\u00e3o faz as mesmas maldades que voc\u00ea \u201d, sentencia o arquiteto antes de pedir novamente o div\u00f3rcio. Derin, muito afetada pela discuss\u00e3o, tem um aborto espont\u00e2neo e \u00e9 tratada por Derya na cl\u00ednica. Depois de experimentar profundos acessos de raiva e ouvir que o marido quer o div\u00f3rcio, ela sofre uma hemorragia e perde o beb\u00ea. Ela chantageia Derya para n\u00e3o contar a ningu\u00e9m sobre isso. A jovem exige sigilo sobre a perda do beb\u00ea ou a processa por quebra de sigilo profissional. Haluk sofre uma convuls\u00e3o e \u00e9 levado \u00e0s pressas para o hospital Tekirdag. G\u00f6nul, muito aflita com sua condi\u00e7\u00e3o, n\u00e3o sai do seu lado e Sel\u00e7uk, apesar de suas diferen\u00e7as, tamb\u00e9m se preocupa em saber como ele est\u00e1. Agora que perdeu a m\u00e3e, ele n\u00e3o quer que o pai morra tamb\u00e9m&#8230;. <\/p>\n<p>Ao cair da noite, Derin muda o rumo para recuperar Volkan. Ela se desculpa por acusar Asya \u00e0 pol\u00edcia e promete retificar sua declara\u00e7\u00e3o para que ela n\u00e3o seja mais uma suspeita. Em troca, ela pede que ele n\u00e3o se divorcie dela at\u00e9 o nascimento de seu suposto beb\u00ea: &#8220;Preciso de voc\u00ea ao meu lado neste processo&#8221;. Volkan concorda.<\/p>\n<p>Derin amea\u00e7a sua funcion\u00e1ria por causa das coisas que ela disse. Sel\u00e7uk, por outro lado, \u00e9 for\u00e7ado a confrontar G\u00f6n\u00fcl enquanto tenta visitar seu pai no hospital. Derin vai \u00e0 reuni\u00e3o depois da liga\u00e7\u00e3o de Asya e \u00e9 amea\u00e7ada por ela. &#8230; <\/p>\n<p>Asya convida Sel\u00e7uk para sua casa e pede que ele conte tudo. Depois disso, os dois v\u00e3o para a casa da funcion\u00e1ria de Derin. Todas as declara\u00e7\u00f5es falsas de Derin s\u00e3o reveladas. Mas Derin ainda guarda seu maior segredo. &#8230; Asya vai para a casa de Volkan e Derin na manh\u00e3 seguinte. Ele tamb\u00e9m convida Melih para ir l\u00e1. Ela os faz ouvir a grava\u00e7\u00e3o de \u00e1udio da confiss\u00e3o de Didem para eles. Melih est\u00e1 confuso. O que sua sobrinha fez o surpreendeu. Depois, ele pede desculpas a Bahar e Asya. Ele quer levar Derin \u00e0 justi\u00e7a, mas a mulher diz que est\u00e1 gr\u00e1vida. Por outro lado, Derin for\u00e7a Derya a mentir sobre sua gravidez. Quando Volkan quer assumir o controle, ela liga para Derya. Enquanto Derya foge v\u00e1rias vezes, no final, Derya tem a palavra na mesa de exame. O humor de Derin come\u00e7a a assustar sua m\u00e3e.<\/p>\n<p>(*) edi\u00e7\u00e3o das novelas da TNT\/HBO, \u201cIludida\u201d, sujeito a altera\u00e7\u00e3o de data e conte\u00fado.<\/p>\n<p>Sinopse &#8220;Iludida&#8221;: Com apenas 37 anos, Asya \u00e9 vice-diretora e m\u00e9dica em um hospital da cidade de Tekirdag. Al\u00e9m de ter uma carreira profissional de sucesso, leva uma vida tranquila com o seu marido Volkan e seu filho Ali. Ela parece ter tudo: um trabalho perfeito, uma casa linda e uma fam\u00edlia feliz. Asya se sente a mulher mais sortuda do mundo, o que mais ela poderia pedir? Tudo na sua vida parecia ser cor-de-rosa, at\u00e9 que ela descobre um cabelo loiro no cachecol do seu marido, o que a transforma em uma pessoa obsessiva e incapaz de confiar nas pessoas ao seu redor. Por\u00e9m, ela n\u00e3o se engana em desconfiar deles: aos poucos, Asya descobre uma rede de mentiras que a leva a perceber que a sua vida n\u00e3o era t\u00e3o perfeita como ela pensava. <\/p>\n","protected":false},"excerpt":{"rendered":"<p>Resumo da novela \u201cIludida\u201d em 27\/09: no cap\u00edtulo 068(*) da novela, Volkan descobre as falsas acusa\u00e7\u00f5es de sua esposa contra Asya e a confronta. \u201cUma vez voc\u00ea me perguntou por que eu amo Asya e n\u00e3o voc\u00ea. Bem, porque ela n\u00e3o faz as mesmas maldades que voc\u00ea \u201d, sentencia o arquiteto antes de pedir novamente [&hellip;]<\/p>\n","protected":false},"author":2,"featured_media":235991,"comment_status":"closed","ping_status":"closed","sticky":false,"template":"","format":"standard","meta":{"tdm_status":"","tdm_grid_status":"","footnotes":""},"categories":[2317,379,2025,343,2315],"tags":[441],"class_list":{"0":"post-237585","1":"post","2":"type-post","3":"status-publish","4":"format-standard","5":"has-post-thumbnail","7":"category-iludida","8":"category-novelas","9":"category-resumo","10":"category-televisao","11":"category-tnt","12":"tag-resumo-do-dia"},"_links":{"self":[{"href":"https:\/\/migracao.redenoticia.com.br\/noticia\/wp-json\/wp\/v2\/posts\/237585","targetHints":{"allow":["GET"]}}],"collection":[{"href":"https:\/\/migracao.redenoticia.com.br\/noticia\/wp-json\/wp\/v2\/posts"}],"about":[{"href":"https:\/\/migracao.redenoticia.com.br\/noticia\/wp-json\/wp\/v2\/types\/post"}],"author":[{"embeddable":true,"href":"https:\/\/migracao.redenoticia.com.br\/noticia\/wp-json\/wp\/v2\/users\/2"}],"replies":[{"embeddable":true,"href":"https:\/\/migracao.redenoticia.com.br\/noticia\/wp-json\/wp\/v2\/comments?post=237585"}],"version-history":[{"count":0,"href":"https:\/\/migracao.redenoticia.com.br\/noticia\/wp-json\/wp\/v2\/posts\/237585\/revisions"}],"wp:featuredmedia":[{"embeddable":true,"href":"https:\/\/migracao.redenoticia.com.br\/noticia\/wp-json\/wp\/v2\/media\/235991"}],"wp:attachment":[{"href":"https:\/\/migracao.redenoticia.com.br\/noticia\/wp-json\/wp\/v2\/media?parent=237585"}],"wp:term":[{"taxonomy":"category","embeddable":true,"href":"https:\/\/migracao.redenoticia.com.br\/noticia\/wp-json\/wp\/v2\/categories?post=237585"},{"taxonomy":"post_tag","embeddable":true,"href":"https:\/\/migracao.redenoticia.com.br\/noticia\/wp-json\/wp\/v2\/tags?post=237585"}],"curies":[{"name":"wp","href":"https:\/\/api.w.org\/{rel}","templated":true}]}}