{"id":237588,"date":"2023-09-26T15:36:17","date_gmt":"2023-09-26T18:36:17","guid":{"rendered":"https:\/\/www.redenoticia.com.br\/noticia\/?p=237588"},"modified":"2023-09-26T15:36:17","modified_gmt":"2023-09-26T18:36:17","slug":"resumo-mulheres-de-areia-27-09-dalua-vai-ao-rio-e-novamente-pressiona-cesar","status":"publish","type":"post","link":"https:\/\/migracao.redenoticia.com.br\/noticia\/2023\/resumo-mulheres-de-areia-27-09-dalua-vai-ao-rio-e-novamente-pressiona-cesar\/237588","title":{"rendered":"Resumo &#8220;Mulheres de Areia&#8221; 27\/09: Dalua vai ao Rio e novamente pressiona C\u00e9sar"},"content":{"rendered":"<p> <img loading=\"lazy\" decoding=\"async\" src=\"https:\/\/migracao.redenoticia.com.br\/noticia\/imagens\/mulheres-de-areia-resumo-novela-globo.jpg\" alt=\"\" width=\"1280\" height=\"720\" class=\"aligncenter size-full wp-image-233994\" srcset=\"https:\/\/migracao.redenoticia.com.br\/noticia\/imagens\/mulheres-de-areia-resumo-novela-globo.jpg 1280w, https:\/\/migracao.redenoticia.com.br\/noticia\/imagens\/mulheres-de-areia-resumo-novela-globo-250x140.jpg 250w, https:\/\/migracao.redenoticia.com.br\/noticia\/imagens\/mulheres-de-areia-resumo-novela-globo-400x225.jpg 400w, https:\/\/migracao.redenoticia.com.br\/noticia\/imagens\/mulheres-de-areia-resumo-novela-globo-768x432.jpg 768w, https:\/\/migracao.redenoticia.com.br\/noticia\/imagens\/mulheres-de-areia-resumo-novela-globo-150x84.jpg 150w\" sizes=\"auto, (max-width: 1280px) 100vw, 1280px\" \/><\/p>\n<p><em><strong>Resumo da novela &#8220;Mulheres de Areia&#8221;<\/strong><\/em> em 27\/09: no cap\u00edtulo 068(*) da novela, o delegado Rodrigo chama Ruth para um baile e a beija. C\u00e9sar lembra a Virg\u00edlio que ele deu para Vanderlei a fazenda que prometera a Malu. Raquel chega em Pontal, mas s\u00f3 diz \u00e0 m\u00e3e o que aconteceu. Floriano e Raquel discutem. Dalua vai ao Rio de Janeiro e novamente pressiona C\u00e9sar. Marcos chega ao escrit\u00f3rio e os tr\u00eas saem com Arlete para almo\u00e7ar. <\/p>\n<p>Dalua amea\u00e7a contar a ela sobre o passado de C\u00e9sar, mas apenas diz que n\u00e3o vai permitir o casamento e Arlete fica intrigada. Marcos decide ajudar os pescadores a se livrarem de Donato. Floriano e Ruth descobrem que Raquel trouxe todas as suas roupas para Pontal e v\u00e3o ao Rio para descobrir o que aconteceu. Virgilio confunde Ruth com Raquel e diz que Marcos n\u00e3o voltar\u00e1 atr\u00e1s em sua decis\u00e3o.<\/p>\n<p>Virg\u00edlio conta a Floriano que Raquel e Marcos est\u00e3o se divorciando. Ruth e Marcos conversam sobre Raquel e ele confessa que precisa dela para viver. T\u00f4nia sai com Vitor e aproveita para fazer perguntas sobre a ex-mulher dele. Marcos faz uma reuni\u00e3o com os pescadores e avisa que vai comprar embarca\u00e7\u00f5es para eles. Raquel chama Ruth para um passeio de barco. Tito e Dalua v\u00eaem as duas e ficam preocupados porque o mar est\u00e1 agitado. O barco acaba virando e Tito mergulha, mas s\u00f3 consegue salvar uma das g\u00eameas.<\/p>\n<p>(*) edi\u00e7\u00e3o das novelas da Globo, &#8220;Mulheres de Areia&#8221;, sujeito a altera\u00e7\u00e3o de data e conte\u00fado.<\/p>\n<p>Sinopse &#8220;Mulheres de Areia&#8221;: Ap\u00f3s anos Ruth volta a morar com os pais, o casal de pescadores Isaura e Floriano, e com sua irm\u00e3 g\u00eamea, Raquel. Ruth e Raquel, apesar de fisicamente id\u00eanticas, t\u00eam personalidades totalmente opostas. Ruth \u00e9 doce, calma, humilde e possui um bom cora\u00e7\u00e3o; enquanto Raquel \u00e9 ego\u00edsta, ambiciosa, agressiva e m\u00e1. Raquel finge ser Ruth para conquistar o jovem empres\u00e1rio Marcos Assun\u00e7\u00e3o, que a irm\u00e3 conheceu a caminho de Pontal. Mesmo apaixonado por Ruth, Marcos acaba envolvido pelo charme e sensualidade de Raquel, e acaba casando-se com ela. A uni\u00e3o n\u00e3o impede que Raquel continue a se encontrar \u00e0s escondidas com o malandro e mau-car\u00e1ter Wanderley, seu amante e c\u00famplice. Em Pontal D&#8217;Areia vive ainda Tonho da Lua, que esculpe mulheres de areia na praia, e alimenta um amor plat\u00f4nico por Ruth, sua protetora. Raquel, por sua vez, o persegue e inferniza sua vida, destruindo suas esculturas e o ofendendo sempre que pode.<\/p>\n","protected":false},"excerpt":{"rendered":"<p>Resumo da novela &#8220;Mulheres de Areia&#8221; em 27\/09: no cap\u00edtulo 068(*) da novela, o delegado Rodrigo chama Ruth para um baile e a beija. C\u00e9sar lembra a Virg\u00edlio que ele deu para Vanderlei a fazenda que prometera a Malu. Raquel chega em Pontal, mas s\u00f3 diz \u00e0 m\u00e3e o que aconteceu. Floriano e Raquel discutem. [&hellip;]<\/p>\n","protected":false},"author":3,"featured_media":233993,"comment_status":"closed","ping_status":"closed","sticky":false,"template":"","format":"standard","meta":{"tdm_status":"","tdm_grid_status":"","footnotes":""},"categories":[2309,379,375,2025,343],"tags":[441],"class_list":{"0":"post-237588","1":"post","2":"type-post","3":"status-publish","4":"format-standard","5":"has-post-thumbnail","7":"category-mulheres-de-areia","8":"category-novelas","9":"category-rede-globo","10":"category-resumo","11":"category-televisao","12":"tag-resumo-do-dia"},"_links":{"self":[{"href":"https:\/\/migracao.redenoticia.com.br\/noticia\/wp-json\/wp\/v2\/posts\/237588","targetHints":{"allow":["GET"]}}],"collection":[{"href":"https:\/\/migracao.redenoticia.com.br\/noticia\/wp-json\/wp\/v2\/posts"}],"about":[{"href":"https:\/\/migracao.redenoticia.com.br\/noticia\/wp-json\/wp\/v2\/types\/post"}],"author":[{"embeddable":true,"href":"https:\/\/migracao.redenoticia.com.br\/noticia\/wp-json\/wp\/v2\/users\/3"}],"replies":[{"embeddable":true,"href":"https:\/\/migracao.redenoticia.com.br\/noticia\/wp-json\/wp\/v2\/comments?post=237588"}],"version-history":[{"count":0,"href":"https:\/\/migracao.redenoticia.com.br\/noticia\/wp-json\/wp\/v2\/posts\/237588\/revisions"}],"wp:featuredmedia":[{"embeddable":true,"href":"https:\/\/migracao.redenoticia.com.br\/noticia\/wp-json\/wp\/v2\/media\/233993"}],"wp:attachment":[{"href":"https:\/\/migracao.redenoticia.com.br\/noticia\/wp-json\/wp\/v2\/media?parent=237588"}],"wp:term":[{"taxonomy":"category","embeddable":true,"href":"https:\/\/migracao.redenoticia.com.br\/noticia\/wp-json\/wp\/v2\/categories?post=237588"},{"taxonomy":"post_tag","embeddable":true,"href":"https:\/\/migracao.redenoticia.com.br\/noticia\/wp-json\/wp\/v2\/tags?post=237588"}],"curies":[{"name":"wp","href":"https:\/\/api.w.org\/{rel}","templated":true}]}}