{"id":237604,"date":"2023-09-26T16:51:29","date_gmt":"2023-09-26T19:51:29","guid":{"rendered":"https:\/\/www.redenoticia.com.br\/noticia\/?p=237604"},"modified":"2023-09-26T16:51:29","modified_gmt":"2023-09-26T19:51:29","slug":"resumo-sera-isso-amor-27-09-serkan-e-eda-ajudam-aydan-na-eleicao-da-associacao","status":"publish","type":"post","link":"https:\/\/migracao.redenoticia.com.br\/noticia\/2023\/resumo-sera-isso-amor-27-09-serkan-e-eda-ajudam-aydan-na-eleicao-da-associacao\/237604","title":{"rendered":"Resumo \u201cSer\u00e1 Isso Amor?\u201d 27\/09: Serkan e Eda ajudam Aydan na elei\u00e7\u00e3o da associac\u00e3o"},"content":{"rendered":"<p> <img loading=\"lazy\" decoding=\"async\" class=\"aligncenter size-full wp-image-235988\" src=\"https:\/\/migracao.redenoticia.com.br\/noticia\/imagens\/novela-sera-isso-amor-tnt-resumo-elenco.jpg\" alt=\"\" width=\"1280\" height=\"720\" srcset=\"https:\/\/migracao.redenoticia.com.br\/noticia\/imagens\/novela-sera-isso-amor-tnt-resumo-elenco.jpg 1280w, https:\/\/migracao.redenoticia.com.br\/noticia\/imagens\/novela-sera-isso-amor-tnt-resumo-elenco-250x140.jpg 250w, https:\/\/migracao.redenoticia.com.br\/noticia\/imagens\/novela-sera-isso-amor-tnt-resumo-elenco-400x225.jpg 400w, https:\/\/migracao.redenoticia.com.br\/noticia\/imagens\/novela-sera-isso-amor-tnt-resumo-elenco-768x432.jpg 768w, https:\/\/migracao.redenoticia.com.br\/noticia\/imagens\/novela-sera-isso-amor-tnt-resumo-elenco-150x84.jpg 150w\" sizes=\"auto, (max-width: 1280px) 100vw, 1280px\" \/><\/p>\n<p><strong><em>Resumo da novela \u201cSer\u00e1 Isso Amor?\u201d<\/em><\/strong> em 27\/09: no cap\u00edtulo 068(*) da novela, Alptekin diz a Aydan que quer o div\u00f3rcio e deixa tudo, exceto sua riqueza pessoal, para seu filho. Ele vai at\u00e9 a empresa e se despede de Serkan. Serkan, que descobre que Eda escondeu dele o incidente de Selin e Ferit, quer puni-la. Ele quer que Eda cumpra pelo menos 3 desejos. O primeiro: Ele quer que ela v\u00e1 at\u00e9 sua casa sem avisar, assista a um filme e coma pipoca. Ayfer manda comida em uma lancheira para um famoso chef; O chef gosta tanto que marca e compartilha nas redes sociais. Eles trocam receitas online. Engin quer que sua m\u00e3e conhe\u00e7a Piril naquele fim de semana, mas o homem fica confuso quando a garota diz que trabalha o tempo todo. Depois de se encontrar com algumas pessoas, ele decide propor casamento a Piril. Ele pensa em como propor casamento e o faz montado em um cavalo branco durante a festa da Sra. Atdan. Piril aceita. <\/p>\n<p>O candidato escolhido por Eda surpreende. Enquanto os paparazzi falam sobre o casamento de Aydan, Serkan e Eda a ajudam com a elei\u00e7\u00e3o. &#8230; Quando Selin deixa o departamento de rela\u00e7\u00f5es p\u00fablicas, eles tentam encontrar um substituto. Com ci\u00fames de Serkan dos candidatos, Eda escolhe a mulher chamada \u201cBalca\u201d cuja foto aparece como a pior entre os curr\u00edculos. Por\u00e9m, quando ela vai para uma entrevista de emprego por causa do que uma amiga disse em sua previs\u00e3o astron\u00f4mica, ela pensa que algo vai acontecer entre ela e Serkan. <\/p>\n<p>Eda quer que Balca comece a trabalhar para provar a Serkan que n\u00e3o tem ci\u00fames dele. A Sra. Aydan lamenta ter sido abandonada. Para n\u00e3o cair em depress\u00e3o, decide concorrer \u00e0 presid\u00eancia da agremia\u00e7\u00e3o, mesmo que ela seja realizada no dia seguinte. Quando foi divulgada a not\u00edcia de que Alptekin a estava traindo e que eles iriam se divorciar, jornalistas foram \u00e0 casa dela. Balca come\u00e7a a trabalhar, os repele e garante que n\u00e3o sejam not\u00edcia. Com a ajuda de Melo e Erdem, eles ligam e conversam com os associados. Serkan e Eda tamb\u00e9m conversam com uma mulher cuja voz \u00e9 ouvida na associa\u00e7\u00e3o e fazem com que ela apoie a Sra Aydan.<\/p>\n<p>(*) edi\u00e7\u00e3o das novelas da TNT\/HBO, \u201cSer\u00e1 Isso Amor?\u201d, sujeito a altera\u00e7\u00e3o de data e conte\u00fado.<\/p>\n<p>Sinopse &#8220;Ser\u00e1 Isso Amor?&#8221;: (Primeira Temporada) Eda n\u00e3o consegue concluir sua gradua\u00e7\u00e3o na faculdade de arquitetura paisag\u00edstica por causa de Serkan Bolat. Serkan tem uma ex-namorada, Selin, que ficou noiva recentemente ap\u00f3s o rompimento. Para recuper\u00e1-la, Serkan oferece a Eda um contrato segundo o qual ela deve fingir ser sua noiva por dois meses. Ela aceita a oferta e n\u00e3o demora para surgir algo entre eles. <\/p>\n<p>(Segunda Temporada) Serkan e Eda passam por momentos dif\u00edceis durante o tratamento de c\u00e2ncer dele, que fica obcecado com sua doen\u00e7a e que vira um homem completamente diferente ap\u00f3s sobreviver. Serkan volta a se concentrar apenas em seu trabalho, que aos poucos o afasta de Eda. Mais tarde, ela vai para a It\u00e1lia para concluir seus estudos, enquanto Serkan continua com sua vida. Mas quando eles finalmente se reencontram ap\u00f3s 5 longos anos, a vida tem uma surpresa para ambos.<\/p>\n","protected":false},"excerpt":{"rendered":"<p>Resumo da novela \u201cSer\u00e1 Isso Amor?\u201d em 27\/09: no cap\u00edtulo 068(*) da novela, Alptekin diz a Aydan que quer o div\u00f3rcio e deixa tudo, exceto sua riqueza pessoal, para seu filho. Ele vai at\u00e9 a empresa e se despede de Serkan. Serkan, que descobre que Eda escondeu dele o incidente de Selin e Ferit, quer [&hellip;]<\/p>\n","protected":false},"author":4,"featured_media":235990,"comment_status":"closed","ping_status":"closed","sticky":false,"template":"","format":"standard","meta":{"tdm_status":"","tdm_grid_status":"","footnotes":""},"categories":[379,2025,2316,343,2315],"tags":[441],"class_list":{"0":"post-237604","1":"post","2":"type-post","3":"status-publish","4":"format-standard","5":"has-post-thumbnail","7":"category-novelas","8":"category-resumo","9":"category-sera-isso-amor","10":"category-televisao","11":"category-tnt","12":"tag-resumo-do-dia"},"_links":{"self":[{"href":"https:\/\/migracao.redenoticia.com.br\/noticia\/wp-json\/wp\/v2\/posts\/237604","targetHints":{"allow":["GET"]}}],"collection":[{"href":"https:\/\/migracao.redenoticia.com.br\/noticia\/wp-json\/wp\/v2\/posts"}],"about":[{"href":"https:\/\/migracao.redenoticia.com.br\/noticia\/wp-json\/wp\/v2\/types\/post"}],"author":[{"embeddable":true,"href":"https:\/\/migracao.redenoticia.com.br\/noticia\/wp-json\/wp\/v2\/users\/4"}],"replies":[{"embeddable":true,"href":"https:\/\/migracao.redenoticia.com.br\/noticia\/wp-json\/wp\/v2\/comments?post=237604"}],"version-history":[{"count":0,"href":"https:\/\/migracao.redenoticia.com.br\/noticia\/wp-json\/wp\/v2\/posts\/237604\/revisions"}],"wp:featuredmedia":[{"embeddable":true,"href":"https:\/\/migracao.redenoticia.com.br\/noticia\/wp-json\/wp\/v2\/media\/235990"}],"wp:attachment":[{"href":"https:\/\/migracao.redenoticia.com.br\/noticia\/wp-json\/wp\/v2\/media?parent=237604"}],"wp:term":[{"taxonomy":"category","embeddable":true,"href":"https:\/\/migracao.redenoticia.com.br\/noticia\/wp-json\/wp\/v2\/categories?post=237604"},{"taxonomy":"post_tag","embeddable":true,"href":"https:\/\/migracao.redenoticia.com.br\/noticia\/wp-json\/wp\/v2\/tags?post=237604"}],"curies":[{"name":"wp","href":"https:\/\/api.w.org\/{rel}","templated":true}]}}