{"id":237636,"date":"2023-09-27T15:37:32","date_gmt":"2023-09-27T18:37:32","guid":{"rendered":"https:\/\/www.redenoticia.com.br\/noticia\/?p=237636"},"modified":"2023-09-27T15:37:32","modified_gmt":"2023-09-27T18:37:32","slug":"resumo-um-refugio-para-o-amor-28-09-patricio-avisa-luciana-que-precisa-dela","status":"publish","type":"post","link":"https:\/\/migracao.redenoticia.com.br\/noticia\/2023\/resumo-um-refugio-para-o-amor-28-09-patricio-avisa-luciana-que-precisa-dela\/237636","title":{"rendered":"Resumo \u201cUm Ref\u00fagio para o Amor\u201d 28\/09: Patr\u00edcio avisa Luciana que precisa dela"},"content":{"rendered":"<p> <img loading=\"lazy\" decoding=\"async\" src=\"https:\/\/migracao.redenoticia.com.br\/noticia\/imagens\/um-refugio-para-o-amor-novela-resumo-sbt.jpg.jpg\" alt=\"\" width=\"1280\" height=\"720\" class=\"aligncenter size-full wp-image-233922\" srcset=\"https:\/\/migracao.redenoticia.com.br\/noticia\/imagens\/um-refugio-para-o-amor-novela-resumo-sbt.jpg.jpg 1280w, https:\/\/migracao.redenoticia.com.br\/noticia\/imagens\/um-refugio-para-o-amor-novela-resumo-sbt.jpg-250x140.jpg 250w, https:\/\/migracao.redenoticia.com.br\/noticia\/imagens\/um-refugio-para-o-amor-novela-resumo-sbt.jpg-400x225.jpg 400w, https:\/\/migracao.redenoticia.com.br\/noticia\/imagens\/um-refugio-para-o-amor-novela-resumo-sbt.jpg-768x432.jpg 768w, https:\/\/migracao.redenoticia.com.br\/noticia\/imagens\/um-refugio-para-o-amor-novela-resumo-sbt.jpg-150x84.jpg 150w\" sizes=\"auto, (max-width: 1280px) 100vw, 1280px\" \/> <\/p>\n<p><strong><em>Resumo da novela \u201cUm Ref\u00fagio para o Amor\u201d<\/em><\/strong> em 28\/09: no cap\u00edtulo 069(*) da novela, Roselena conta a Cl\u00e1udio que Aurora e Maximino foram amantes. Clara telefona a Julieta e pede-lhe que prepare uma grande festa para o seu regresso e que garanta que Rodrigo est\u00e1 presente. Patr\u00edcio telefona a Luciana e diz-lhe que precisa dela para se recuperar. Cl\u00e1udio diz a Roselena que n\u00e3o se vai vingar dela porque Luciana lhe pediu que n\u00e3o o fizesse. \u00d3scar diz a Maximino que Cl\u00e1udio est\u00e1 a investigar quem fez as transfer\u00eancias banc\u00e1rias em seu nome.<\/p>\n<p>Br\u00edgida telefona a Julieta e conta-lhe que Luciana j\u00e1 sabe que Cl\u00e1udio \u00e9 seu pai. Cl\u00e1udio e Maximino encontram-se e o advogado conta a Maximino que Roselena lhe confessou tudo o que fez com Luciana. Rodrigo vai ter com Violeta e esta conta-lhe que Luciana s\u00f3 trabalhou no Inferno uma noite e que foi ela que a convenceu, porque Luciana n\u00e3o queria l\u00e1 ficar. Maximino chega a casa e confronta Constan\u00e7a e Roselena com o que Cl\u00e1udio lhe contou. Rodrigo vai \u00e0 procura de Luciana a casa de Magda. Jana decide organizar um jantar entre amigos e quer contar com a ajuda de Louren\u00e7o.<\/p>\n<p>Magda diz a Rodrigo que Luciana n\u00e3o est\u00e1, mas que pode esperar por ela, enquanto Magda lhe conta sobre o concurso de artesanato. Luciana recebe o seu contrato de trabalho para ler. Patr\u00edcio decide sair com Maximino e Roselena. Br\u00edgida conta a Julieta que Constan\u00e7a foi passar o fim-de-semana fora com \u00d3scar e Julieta fica cheia de ci\u00fames. Luciana e Rodrigo encontram-se e trocam acusa\u00e7\u00f5es por causa do fim da rela\u00e7\u00e3o. <\/p>\n<p>(*) edi\u00e7\u00e3o das novelas do SBT, \u201cUm Ref\u00fagio para o Amor\u201d, sujeito a altera\u00e7\u00e3o de data e conte\u00fado.<\/p>\n<p>Sinopse \u201cUm Ref\u00fagio para o Amor\u201d: Uma hist\u00f3ria de amor entre uma jovem linda, humilde, simples e trabalhadora que gera admira\u00e7\u00e3o entre os homens e inveja entre as mulheres, e que \u00e9 obrigada a fugir de sua cidade, para a capital, encontrando o amor em um homem rico, bonito, de classe, arrogante, amante de esportes radicais e com fama de conquistador, mas que \u00e9 generoso e atencioso. Eles ter\u00e3o que passar por muitas dificuldades para ficarem juntos.<\/p>\n<p>Estrelado por Zuria Vega e Gabriel Soto com um elenco de primeira classe, incluindo Jessica Coch, Roberto Bland\u00f3n, Laura Flores, Jos\u00e9 Carlos Ruiz, entre outros. Um ref\u00fagio para o amor \u00e9 uma novela mexicana produzida por Ignacio Sada Madero, originalmente por Delia Fiallo e adaptada por Georgina Tinoco.<\/p>\n","protected":false},"excerpt":{"rendered":"<p>Resumo da novela \u201cUm Ref\u00fagio para o Amor\u201d em 28\/09: no cap\u00edtulo 069(*) da novela, Roselena conta a Cl\u00e1udio que Aurora e Maximino foram amantes. Clara telefona a Julieta e pede-lhe que prepare uma grande festa para o seu regresso e que garanta que Rodrigo est\u00e1 presente. Patr\u00edcio telefona a Luciana e diz-lhe que precisa [&hellip;]<\/p>\n","protected":false},"author":2,"featured_media":233921,"comment_status":"closed","ping_status":"closed","sticky":false,"template":"","format":"standard","meta":{"tdm_status":"","tdm_grid_status":"","footnotes":""},"categories":[379,2025,372,343,2310],"tags":[441],"class_list":{"0":"post-237636","1":"post","2":"type-post","3":"status-publish","4":"format-standard","5":"has-post-thumbnail","7":"category-novelas","8":"category-resumo","9":"category-sbt","10":"category-televisao","11":"category-um-refugio-para-o-amor","12":"tag-resumo-do-dia"},"_links":{"self":[{"href":"https:\/\/migracao.redenoticia.com.br\/noticia\/wp-json\/wp\/v2\/posts\/237636","targetHints":{"allow":["GET"]}}],"collection":[{"href":"https:\/\/migracao.redenoticia.com.br\/noticia\/wp-json\/wp\/v2\/posts"}],"about":[{"href":"https:\/\/migracao.redenoticia.com.br\/noticia\/wp-json\/wp\/v2\/types\/post"}],"author":[{"embeddable":true,"href":"https:\/\/migracao.redenoticia.com.br\/noticia\/wp-json\/wp\/v2\/users\/2"}],"replies":[{"embeddable":true,"href":"https:\/\/migracao.redenoticia.com.br\/noticia\/wp-json\/wp\/v2\/comments?post=237636"}],"version-history":[{"count":0,"href":"https:\/\/migracao.redenoticia.com.br\/noticia\/wp-json\/wp\/v2\/posts\/237636\/revisions"}],"wp:featuredmedia":[{"embeddable":true,"href":"https:\/\/migracao.redenoticia.com.br\/noticia\/wp-json\/wp\/v2\/media\/233921"}],"wp:attachment":[{"href":"https:\/\/migracao.redenoticia.com.br\/noticia\/wp-json\/wp\/v2\/media?parent=237636"}],"wp:term":[{"taxonomy":"category","embeddable":true,"href":"https:\/\/migracao.redenoticia.com.br\/noticia\/wp-json\/wp\/v2\/categories?post=237636"},{"taxonomy":"post_tag","embeddable":true,"href":"https:\/\/migracao.redenoticia.com.br\/noticia\/wp-json\/wp\/v2\/tags?post=237636"}],"curies":[{"name":"wp","href":"https:\/\/api.w.org\/{rel}","templated":true}]}}