{"id":237640,"date":"2023-09-27T15:44:06","date_gmt":"2023-09-27T18:44:06","guid":{"rendered":"https:\/\/www.redenoticia.com.br\/noticia\/?p=237640"},"modified":"2023-09-27T15:44:06","modified_gmt":"2023-09-27T18:44:06","slug":"resumo-a-infancia-de-romeu-e-julieta-28-09-os-monteiro-e-os-campos-se-encontram","status":"publish","type":"post","link":"https:\/\/migracao.redenoticia.com.br\/noticia\/2023\/resumo-a-infancia-de-romeu-e-julieta-28-09-os-monteiro-e-os-campos-se-encontram\/237640","title":{"rendered":"Resumo \u201cA Inf\u00e2ncia de Romeu e Julieta\u201d 28\/09: Os Monteiro e os Campos se encontram"},"content":{"rendered":"<p> <img loading=\"lazy\" decoding=\"async\" src=\"https:\/\/migracao.redenoticia.com.br\/noticia\/imagens\/novela-romeu-e-julieta-sbt-elenco-resumo.jpg\" alt=\"\" width=\"1280\" height=\"720\" class=\"aligncenter size-full wp-image-232242\" srcset=\"https:\/\/migracao.redenoticia.com.br\/noticia\/imagens\/novela-romeu-e-julieta-sbt-elenco-resumo.jpg 1280w, https:\/\/migracao.redenoticia.com.br\/noticia\/imagens\/novela-romeu-e-julieta-sbt-elenco-resumo-250x140.jpg 250w, https:\/\/migracao.redenoticia.com.br\/noticia\/imagens\/novela-romeu-e-julieta-sbt-elenco-resumo-400x225.jpg 400w, https:\/\/migracao.redenoticia.com.br\/noticia\/imagens\/novela-romeu-e-julieta-sbt-elenco-resumo-768x432.jpg 768w, https:\/\/migracao.redenoticia.com.br\/noticia\/imagens\/novela-romeu-e-julieta-sbt-elenco-resumo-150x84.jpg 150w\" sizes=\"auto, (max-width: 1280px) 100vw, 1280px\" \/><\/p>\n<p><strong><em>Resumo da novela \u201cA Inf\u00e2ncia de Romeu e Julieta\u201d<\/em><\/strong> em 28\/09: no cap\u00edtulo 104(*) da novela, Vitor ajuda na prepara\u00e7\u00e3o do campeonato do CEC. Na quadra, Telma diz a Daniel que o que aconteceu entre eles ficou no passado e que agora ela est\u00e1 conhecendo melhor Mauro e que at\u00e9 o beijou rolou. Daniel fica contente por ela. Na Monter Holding, Enzo deixa sua papelada na sala de reuni\u00e3o, Glaucia aparece e percebe que junto aos documentos da holding est\u00e3o as contas do CEC, ela resolve tirar foto. Enzo entra na sala e se depara com Glaucia no local. Posteriormente, Glaucia comenta com Fred que tirou foto das contas em vermelho do CEC e que o Centro Esportivo de Castanheiras \u00e9 um estabelecimento p\u00fablico e com as devidas provas, ela pode tirar H\u00e9lio do comando e conseguir o terreno para Leandro.<\/p>\n<p>A fam\u00edlia Monteiro e a fam\u00edlia Campos se encontram no CEC. H\u00e9lio d\u00e1 in\u00edcio \u00e0 8\u00aa Edi\u00e7\u00e3o do Campeonato de Futebol do CEC, evento que revelou in\u00fameros talentos no esporte. O primeiro jogo \u00e9 o do time Torre contra o time Ponte. Na partida do Lado Vila, Nino se machuca. Na lanchonete, durante o intervalo do campeonato, Mariana nota Julieta conversando com Romeu. J\u00e1 na quadra, H\u00e9lio declara que, com um jogador a menos, o time Vila ser\u00e1 desclassificado. L\u00edvia troca de uniforme e integra o time Vila.<\/p>\n<p>(*) edi\u00e7\u00e3o das novelas do SBT, \u201cA Inf\u00e2ncia de Romeu e Julieta\u201d, sujeito a altera\u00e7\u00e3o de data e conte\u00fado.<\/p>\n<p>Sinopse \u201cA Inf\u00e2ncia de Romeu e Julieta\u201d: A Trama se passa no bairro chamado castanheiras, em que duas fam\u00edlias com propostas diferentes para esse bairro vivem em disc\u00f3rdia, sendo divididas entre os lados Torre (Campos) e Vila (Monteiro).[6] Entretanto, Romeu (Miguel \u00c2ngelo) e Julieta (Vitt\u00f3ria Seixas) se conhecem, da\u00ed em diante, as fam\u00edlias rivais t\u00eam uma nova oportunidade de trazer paz e uni\u00e3o entre o conv\u00edvio deles. <\/p>\n<p>Romeu e Julieta n\u00e3o sabem como v\u00e3o fazer para ficarem juntos. A not\u00edcia do romance chega \u00e0s fam\u00edlias, que n\u00e3o gostam nada da hist\u00f3ria e tratam de afasta-los imediatamente, aprontando v\u00e1rias situa\u00e7\u00f5es. Romeu e Julieta querem acabar com essa hostilidade e tentam ir atr\u00e1s de uma solu\u00e7\u00e3o, mas ao descobrirem mais sobre a hist\u00f3ria de seus pais, percebem que pode ser imposs\u00edvel.<\/p>\n","protected":false},"excerpt":{"rendered":"<p>Resumo da novela \u201cA Inf\u00e2ncia de Romeu e Julieta\u201d em 28\/09: no cap\u00edtulo 104(*) da novela, Vitor ajuda na prepara\u00e7\u00e3o do campeonato do CEC. Na quadra, Telma diz a Daniel que o que aconteceu entre eles ficou no passado e que agora ela est\u00e1 conhecendo melhor Mauro e que at\u00e9 o beijou rolou. Daniel fica [&hellip;]<\/p>\n","protected":false},"author":3,"featured_media":232241,"comment_status":"closed","ping_status":"closed","sticky":false,"template":"","format":"standard","meta":{"tdm_status":"","tdm_grid_status":"","footnotes":""},"categories":[2306,379,2025,372,343],"tags":[441],"class_list":{"0":"post-237640","1":"post","2":"type-post","3":"status-publish","4":"format-standard","5":"has-post-thumbnail","7":"category-novela-romeu-e-julieta","8":"category-novelas","9":"category-resumo","10":"category-sbt","11":"category-televisao","12":"tag-resumo-do-dia"},"_links":{"self":[{"href":"https:\/\/migracao.redenoticia.com.br\/noticia\/wp-json\/wp\/v2\/posts\/237640","targetHints":{"allow":["GET"]}}],"collection":[{"href":"https:\/\/migracao.redenoticia.com.br\/noticia\/wp-json\/wp\/v2\/posts"}],"about":[{"href":"https:\/\/migracao.redenoticia.com.br\/noticia\/wp-json\/wp\/v2\/types\/post"}],"author":[{"embeddable":true,"href":"https:\/\/migracao.redenoticia.com.br\/noticia\/wp-json\/wp\/v2\/users\/3"}],"replies":[{"embeddable":true,"href":"https:\/\/migracao.redenoticia.com.br\/noticia\/wp-json\/wp\/v2\/comments?post=237640"}],"version-history":[{"count":0,"href":"https:\/\/migracao.redenoticia.com.br\/noticia\/wp-json\/wp\/v2\/posts\/237640\/revisions"}],"wp:featuredmedia":[{"embeddable":true,"href":"https:\/\/migracao.redenoticia.com.br\/noticia\/wp-json\/wp\/v2\/media\/232241"}],"wp:attachment":[{"href":"https:\/\/migracao.redenoticia.com.br\/noticia\/wp-json\/wp\/v2\/media?parent=237640"}],"wp:term":[{"taxonomy":"category","embeddable":true,"href":"https:\/\/migracao.redenoticia.com.br\/noticia\/wp-json\/wp\/v2\/categories?post=237640"},{"taxonomy":"post_tag","embeddable":true,"href":"https:\/\/migracao.redenoticia.com.br\/noticia\/wp-json\/wp\/v2\/tags?post=237640"}],"curies":[{"name":"wp","href":"https:\/\/api.w.org\/{rel}","templated":true}]}}