{"id":237644,"date":"2023-09-27T15:58:36","date_gmt":"2023-09-27T18:58:36","guid":{"rendered":"https:\/\/www.redenoticia.com.br\/noticia\/?p=237644"},"modified":"2023-09-27T21:57:37","modified_gmt":"2023-09-28T00:57:37","slug":"resumo-iludida-28-09-as-declaracoes-falsas-de-derin-sao-reveladas","status":"publish","type":"post","link":"https:\/\/migracao.redenoticia.com.br\/noticia\/2023\/resumo-iludida-28-09-as-declaracoes-falsas-de-derin-sao-reveladas\/237644","title":{"rendered":"Resumo \u201cIludida\u201d 28\/09: As declara\u00e7\u00f5es falsas de Derin s\u00e3o reveladas"},"content":{"rendered":"<p> <img loading=\"lazy\" decoding=\"async\" class=\"aligncenter size-full wp-image-235992\" src=\"https:\/\/migracao.redenoticia.com.br\/noticia\/imagens\/novela-iludida-logo-resumo-canal-tnt.jpg\" alt=\"\" width=\"1280\" height=\"720\" srcset=\"https:\/\/migracao.redenoticia.com.br\/noticia\/imagens\/novela-iludida-logo-resumo-canal-tnt.jpg 1280w, https:\/\/migracao.redenoticia.com.br\/noticia\/imagens\/novela-iludida-logo-resumo-canal-tnt-250x140.jpg 250w, https:\/\/migracao.redenoticia.com.br\/noticia\/imagens\/novela-iludida-logo-resumo-canal-tnt-400x225.jpg 400w, https:\/\/migracao.redenoticia.com.br\/noticia\/imagens\/novela-iludida-logo-resumo-canal-tnt-768x432.jpg 768w, https:\/\/migracao.redenoticia.com.br\/noticia\/imagens\/novela-iludida-logo-resumo-canal-tnt-150x84.jpg 150w\" sizes=\"auto, (max-width: 1280px) 100vw, 1280px\" \/><\/p>\n<p><strong><em>Resumo da novela \u201cIludida\u201d<\/em><\/strong> em 28\/09: no cap\u00edtulo 069(*) da novela, Derin, Derin muda o rumo para recuperar Volkan. Ela se desculpa por acusar Asya \u00e0 pol\u00edcia e promete retificar sua declara\u00e7\u00e3o para que ela n\u00e3o seja mais uma suspeita. Em troca, ela pede que ele n\u00e3o se divorcie dela at\u00e9 o nascimento de seu suposto beb\u00ea: &#8220;Preciso de voc\u00ea ao meu lado neste processo&#8221;. Volkan concorda.<\/p>\n<p>Asya convida Sel\u00e7uk para sua casa e pede que ele conte tudo. Depois disso, os dois v\u00e3o para a casa da funcion\u00e1ria de Derin. Todas as declara\u00e7\u00f5es falsas de Derin s\u00e3o reveladas. Mas Derin ainda guarda seu maior segredo. &#8230; <em>Em detalhes,<\/em> Asya vai para a casa de Volkan e Derin na manh\u00e3 seguinte. Ele tamb\u00e9m convida Melih para ir l\u00e1. Ela os faz ouvir a grava\u00e7\u00e3o de \u00e1udio da confiss\u00e3o de Didem para eles. Melih est\u00e1 confuso. O que sua sobrinha fez o surpreendeu. Depois, ele pede desculpas a Bahar e Asya. Ele quer levar Derin \u00e0 justi\u00e7a, mas a mulher diz que est\u00e1 gr\u00e1vida. Por outro lado, Derin for\u00e7a Derya a mentir sobre sua gravidez. Quando Volkan quer assumir o controle, ela liga para Derya. Enquanto Derya foge v\u00e1rias vezes, no final, Derya tem a palavra na mesa de exame. O humor de Derin come\u00e7a a assustar sua m\u00e3e. <\/p>\n<p>(*) edi\u00e7\u00e3o das novelas da TNT\/HBO, \u201cIludida\u201d, sujeito a altera\u00e7\u00e3o de data e conte\u00fado.<\/p>\n<p>Sinopse &#8220;Iludida&#8221;: Com apenas 37 anos, Asya \u00e9 vice-diretora e m\u00e9dica em um hospital da cidade de Tekirdag. Al\u00e9m de ter uma carreira profissional de sucesso, leva uma vida tranquila com o seu marido Volkan e seu filho Ali. Ela parece ter tudo: um trabalho perfeito, uma casa linda e uma fam\u00edlia feliz. Asya se sente a mulher mais sortuda do mundo, o que mais ela poderia pedir? Tudo na sua vida parecia ser cor-de-rosa, at\u00e9 que ela descobre um cabelo loiro no cachecol do seu marido, o que a transforma em uma pessoa obsessiva e incapaz de confiar nas pessoas ao seu redor. Por\u00e9m, ela n\u00e3o se engana em desconfiar deles: aos poucos, Asya descobre uma rede de mentiras que a leva a perceber que a sua vida n\u00e3o era t\u00e3o perfeita como ela pensava.<\/p>\n","protected":false},"excerpt":{"rendered":"<p>Resumo da novela \u201cIludida\u201d em 28\/09: no cap\u00edtulo 069(*) da novela, Derin, Derin muda o rumo para recuperar Volkan. Ela se desculpa por acusar Asya \u00e0 pol\u00edcia e promete retificar sua declara\u00e7\u00e3o para que ela n\u00e3o seja mais uma suspeita. Em troca, ela pede que ele n\u00e3o se divorcie dela at\u00e9 o nascimento de seu [&hellip;]<\/p>\n","protected":false},"author":2,"featured_media":235991,"comment_status":"closed","ping_status":"closed","sticky":false,"template":"","format":"standard","meta":{"tdm_status":"","tdm_grid_status":"","footnotes":""},"categories":[2317,379,2025,343,2315],"tags":[441],"class_list":{"0":"post-237644","1":"post","2":"type-post","3":"status-publish","4":"format-standard","5":"has-post-thumbnail","7":"category-iludida","8":"category-novelas","9":"category-resumo","10":"category-televisao","11":"category-tnt","12":"tag-resumo-do-dia"},"_links":{"self":[{"href":"https:\/\/migracao.redenoticia.com.br\/noticia\/wp-json\/wp\/v2\/posts\/237644","targetHints":{"allow":["GET"]}}],"collection":[{"href":"https:\/\/migracao.redenoticia.com.br\/noticia\/wp-json\/wp\/v2\/posts"}],"about":[{"href":"https:\/\/migracao.redenoticia.com.br\/noticia\/wp-json\/wp\/v2\/types\/post"}],"author":[{"embeddable":true,"href":"https:\/\/migracao.redenoticia.com.br\/noticia\/wp-json\/wp\/v2\/users\/2"}],"replies":[{"embeddable":true,"href":"https:\/\/migracao.redenoticia.com.br\/noticia\/wp-json\/wp\/v2\/comments?post=237644"}],"version-history":[{"count":0,"href":"https:\/\/migracao.redenoticia.com.br\/noticia\/wp-json\/wp\/v2\/posts\/237644\/revisions"}],"wp:featuredmedia":[{"embeddable":true,"href":"https:\/\/migracao.redenoticia.com.br\/noticia\/wp-json\/wp\/v2\/media\/235991"}],"wp:attachment":[{"href":"https:\/\/migracao.redenoticia.com.br\/noticia\/wp-json\/wp\/v2\/media?parent=237644"}],"wp:term":[{"taxonomy":"category","embeddable":true,"href":"https:\/\/migracao.redenoticia.com.br\/noticia\/wp-json\/wp\/v2\/categories?post=237644"},{"taxonomy":"post_tag","embeddable":true,"href":"https:\/\/migracao.redenoticia.com.br\/noticia\/wp-json\/wp\/v2\/tags?post=237644"}],"curies":[{"name":"wp","href":"https:\/\/api.w.org\/{rel}","templated":true}]}}