{"id":237647,"date":"2023-09-27T16:04:56","date_gmt":"2023-09-27T19:04:56","guid":{"rendered":"https:\/\/www.redenoticia.com.br\/noticia\/?p=237647"},"modified":"2023-09-27T16:04:56","modified_gmt":"2023-09-27T19:04:56","slug":"resumo-mulheres-apaixonadas-28-09-helena-desiste-de-esperar-cesar","status":"publish","type":"post","link":"https:\/\/migracao.redenoticia.com.br\/noticia\/2023\/resumo-mulheres-apaixonadas-28-09-helena-desiste-de-esperar-cesar\/237647","title":{"rendered":"Resumo &#8220;Mulheres Apaixonadas&#8221; 28\/09: Helena desiste de esperar C\u00e9sar"},"content":{"rendered":"<p> <img loading=\"lazy\" decoding=\"async\" src=\"https:\/\/migracao.redenoticia.com.br\/noticia\/imagens\/mulheres-apaixonadas-resumo-vale-a-pena-ver-de-novo.jpg\" alt=\"\" width=\"1280\" height=\"720\" class=\"aligncenter size-full wp-image-233044\" srcset=\"https:\/\/migracao.redenoticia.com.br\/noticia\/imagens\/mulheres-apaixonadas-resumo-vale-a-pena-ver-de-novo.jpg 1280w, https:\/\/migracao.redenoticia.com.br\/noticia\/imagens\/mulheres-apaixonadas-resumo-vale-a-pena-ver-de-novo-250x140.jpg 250w, https:\/\/migracao.redenoticia.com.br\/noticia\/imagens\/mulheres-apaixonadas-resumo-vale-a-pena-ver-de-novo-400x225.jpg 400w, https:\/\/migracao.redenoticia.com.br\/noticia\/imagens\/mulheres-apaixonadas-resumo-vale-a-pena-ver-de-novo-768x432.jpg 768w, https:\/\/migracao.redenoticia.com.br\/noticia\/imagens\/mulheres-apaixonadas-resumo-vale-a-pena-ver-de-novo-150x84.jpg 150w\" sizes=\"auto, (max-width: 1280px) 100vw, 1280px\" \/><\/p>\n<p><em><strong>Resumo da novela &#8220;Mulheres Apaixonadas&#8221;<\/strong><\/em> em 28\/09: no cap\u00edtulo 089(*) da novela, In\u00eas relembra que a \u00faltima vez em que viu T\u00e9o foi na maternidade, quando ele levou Lucas. Pergunta se ele teve mais filhos com Helena e Fernanda pede que ela pare com tantas perguntas. Alzira mostra a ch\u00e1cara para Vidinha e D\u00f3ris. Estela e Padre Pedro ficam sozinhos. Fernanda amea\u00e7a expulsar a m\u00e3e, quando ela insiste que Salete deve saber que \u00e9 irm\u00e3 de Lucas. Padre Pedro pede que Estela n\u00e3o gaste tanto dinheiro e arranja uma desculpa para se afastar. Estela beija as m\u00e3os do padre, ainda sujas de terra. Diogo confessa para Expedito que Luciana marcou-o para sempre. <\/p>\n<p>Silvia coloca uma peruca loura e os \u00f3culos escuros na frasqueira e come\u00e7a a se arrumar, excitada. Lorena adora saber a possibilidade de Diogo assumir a escola. Helena n\u00e3o entende quando Lucas comenta que a av\u00f3 da Salete disse que o conhecia desde beb\u00ea. Cl\u00e1udio acusa m\u00e3e de ter dado o golpe do ba\u00fa no pai e julgar todas por ela. Gracinha ouve tudo e alisa a barriga. S\u00edlvia pede para Caetano leve-a no mesmo motel que vai com Shirley e vive todas as suas fantasias. Marcos amea\u00e7a Raquel veladamente com a sua amizade com T\u00e9o e Rafael. Hilda percebe um caro\u00e7o no seio. Helena pensa em C\u00e9sar. Ele olha o papel com o endere\u00e7o.<\/p>\n<p>Um telefonema de Luciana interrompe os pensamentos de C\u00e9sar. Marina estranha que S\u00edlvia tenha voltado com a frasqueira, que tinha ficado de entregar para uma amiga, mas ela disfar\u00e7a. Lorena insiste que Vidinha comece a se inteirar tamb\u00e9m sobre a escola, mas ela nada promete. Fernanda se emociona, quando Salete pergunta se ela conhece Lucas desde beb\u00ea. In\u00eas deixa escapar que pode ficar mais alguns dias e Fernanda deixa claro que \u00e9 para ela ficar uma noite s\u00f3. <\/p>\n<p>A m\u00e3e chantageia e Fernanda pressente o inferno que est\u00e1 por vir. D\u00f3ris garante que Padre Pedro olhou para Estela de um jeito diferente. Ela vibra e garante que sente amor e desejo pelo padre. No Nick Bar, Vidinha avisa que Marcos \u00e9 casado, mas D\u00f3ris d\u00e1 um jeito de se sentar com Estela ao lado dele. Rodrigo lembra ao pai que faz seis meses que Isabel morreu. Os dois se abra\u00e7am amigos e solid\u00e1rios. T\u00e9o aconselha Vidinha a n\u00e3o ficar na mesma mesa que Marcos. Helena desiste de esperar C\u00e9sar e se deita. Ele desliga a luz, tenta dormir, mas como Helena, permanece de olhos abertos.  <\/p>\n<p>(*) edi\u00e7\u00e3o das novelas da Globo, &#8220;Mulheres Apaixonadas&#8221;, sujeito a altera\u00e7\u00e3o de data e conte\u00fado.<\/p>\n<p>Sinopse &#8220;Mulheres Apaixonadas&#8221;: Helena vive um casamento com T\u00e9o e passa a se questionar se \u00e9 feliz. Helena tem duas irm\u00e3s, Hilda e Helo\u00edsa, tamb\u00e9m casadas. Hilda \u00e9 casada com Leandro e Helo\u00edsa \u00e9 casada com S\u00e9rgio, por quem nutre um ci\u00fame doentio. Grandes amigas, as tr\u00eas irm\u00e3s compartilham suas ang\u00fastias e incertezas sobre o futuro e a felicidade. <\/p>\n<p>Helena desconfia de um caso de T\u00e9o com Fernanda, uma ex-garota de programa. Deste relacionamento nasceu Lucas, filho adotivo do casal, fato que Helena desconhece mas que acaba por descobrir depois da morte de Fernanda. Helena reencontra C\u00e9sar, um antigo namorado. C\u00e9sar, que ficou vi\u00favo, est\u00e1 morando na mesma cidade. C\u00e9sar se ressentiu pelo abandono que sofreu por Helena e tornou-se um homem rude.<\/p>\n","protected":false},"excerpt":{"rendered":"<p>Resumo da novela &#8220;Mulheres Apaixonadas&#8221; em 28\/09: no cap\u00edtulo 089(*) da novela, In\u00eas relembra que a \u00faltima vez em que viu T\u00e9o foi na maternidade, quando ele levou Lucas. Pergunta se ele teve mais filhos com Helena e Fernanda pede que ela pare com tantas perguntas. Alzira mostra a ch\u00e1cara para Vidinha e D\u00f3ris. Estela [&hellip;]<\/p>\n","protected":false},"author":5,"featured_media":233056,"comment_status":"closed","ping_status":"closed","sticky":false,"template":"","format":"standard","meta":{"tdm_status":"","tdm_grid_status":"","footnotes":""},"categories":[2307,379,375,2025,343],"tags":[441],"class_list":{"0":"post-237647","1":"post","2":"type-post","3":"status-publish","4":"format-standard","5":"has-post-thumbnail","7":"category-mulheres-apaixonadas","8":"category-novelas","9":"category-rede-globo","10":"category-resumo","11":"category-televisao","12":"tag-resumo-do-dia"},"_links":{"self":[{"href":"https:\/\/migracao.redenoticia.com.br\/noticia\/wp-json\/wp\/v2\/posts\/237647","targetHints":{"allow":["GET"]}}],"collection":[{"href":"https:\/\/migracao.redenoticia.com.br\/noticia\/wp-json\/wp\/v2\/posts"}],"about":[{"href":"https:\/\/migracao.redenoticia.com.br\/noticia\/wp-json\/wp\/v2\/types\/post"}],"author":[{"embeddable":true,"href":"https:\/\/migracao.redenoticia.com.br\/noticia\/wp-json\/wp\/v2\/users\/5"}],"replies":[{"embeddable":true,"href":"https:\/\/migracao.redenoticia.com.br\/noticia\/wp-json\/wp\/v2\/comments?post=237647"}],"version-history":[{"count":0,"href":"https:\/\/migracao.redenoticia.com.br\/noticia\/wp-json\/wp\/v2\/posts\/237647\/revisions"}],"wp:featuredmedia":[{"embeddable":true,"href":"https:\/\/migracao.redenoticia.com.br\/noticia\/wp-json\/wp\/v2\/media\/233056"}],"wp:attachment":[{"href":"https:\/\/migracao.redenoticia.com.br\/noticia\/wp-json\/wp\/v2\/media?parent=237647"}],"wp:term":[{"taxonomy":"category","embeddable":true,"href":"https:\/\/migracao.redenoticia.com.br\/noticia\/wp-json\/wp\/v2\/categories?post=237647"},{"taxonomy":"post_tag","embeddable":true,"href":"https:\/\/migracao.redenoticia.com.br\/noticia\/wp-json\/wp\/v2\/tags?post=237647"}],"curies":[{"name":"wp","href":"https:\/\/api.w.org\/{rel}","templated":true}]}}