{"id":237688,"date":"2023-09-28T14:22:59","date_gmt":"2023-09-28T17:22:59","guid":{"rendered":"https:\/\/www.redenoticia.com.br\/noticia\/?p=237688"},"modified":"2023-09-28T14:22:59","modified_gmt":"2023-09-28T17:22:59","slug":"resumo-a-infancia-de-romeu-e-julieta-29-09-livia-pede-perdao-aos-amigos","status":"publish","type":"post","link":"https:\/\/migracao.redenoticia.com.br\/noticia\/2023\/resumo-a-infancia-de-romeu-e-julieta-29-09-livia-pede-perdao-aos-amigos\/237688","title":{"rendered":"Resumo \u201cA Inf\u00e2ncia de Romeu e Julieta\u201d 29\/09: L\u00edvia pede perd\u00e3o aos amigos"},"content":{"rendered":"<p> <img loading=\"lazy\" decoding=\"async\" src=\"https:\/\/migracao.redenoticia.com.br\/noticia\/imagens\/novela-romeu-e-julieta-sbt-elenco-resumo.jpg\" alt=\"\" width=\"1280\" height=\"720\" class=\"aligncenter size-full wp-image-232242\" srcset=\"https:\/\/migracao.redenoticia.com.br\/noticia\/imagens\/novela-romeu-e-julieta-sbt-elenco-resumo.jpg 1280w, https:\/\/migracao.redenoticia.com.br\/noticia\/imagens\/novela-romeu-e-julieta-sbt-elenco-resumo-250x140.jpg 250w, https:\/\/migracao.redenoticia.com.br\/noticia\/imagens\/novela-romeu-e-julieta-sbt-elenco-resumo-400x225.jpg 400w, https:\/\/migracao.redenoticia.com.br\/noticia\/imagens\/novela-romeu-e-julieta-sbt-elenco-resumo-768x432.jpg 768w, https:\/\/migracao.redenoticia.com.br\/noticia\/imagens\/novela-romeu-e-julieta-sbt-elenco-resumo-150x84.jpg 150w\" sizes=\"auto, (max-width: 1280px) 100vw, 1280px\" \/><\/p>\n<p><strong><em>Resumo da novela \u201cA Inf\u00e2ncia de Romeu e Julieta\u201d<\/em><\/strong> em 29\/09: no cap\u00edtulo 105(*) da novela, Dimitri, Ellen, Ian e Nath entram no Mundo da Imagina\u00e7\u00e3o para tentar enxergar Leon. Na nova aventura, as crian\u00e7as projetam seus her\u00f3is de inf\u00e2ncia. Dimitri projeta um cientista maluco, o Doutor Herbert. Nath imagina a Mulher Magn\u00edfica, uma super hero\u00edna, mas Ellen projeta seu maior medo, o Bicho-Pap\u00e3o. No campeonato, a disputa vai para os p\u00eanaltis entre o time Vila e o time Torre. L\u00edvia erra o \u00faltimo chute do time, e Nando acerta, levando a equipe Torre \u00e0 vit\u00f3ria. Ap\u00f3s o jogo, T\u00e9o n\u00e3o aceita a derrota e alega que Sofia foi fominha. T\u00e9o exp\u00f5e para L\u00edvia que foi sacanagem ela abandonar a equipe.<\/p>\n<p>L\u00edvia pede perd\u00e3o aos amigos e declara que o m\u00ednimo era n\u00e3o deix\u00e1-los perderem por falta de participantes. Ellen batalha com o Bicho-Pap\u00e3o. Romeu comenta com Vera e Bernardo que o CEC faz bem para ele, j\u00e1 que ele consegue estar ao lado dos amigos. Leandro parabeniza os netos. Rosalina diz para Nando que ele foi importante para a vit\u00f3ria. A fam\u00edlia Campos ensina a Julieta que perder faz parte, Amanda e Enzo fazem o mesmo com o T\u00e9o. Nando agradece Enzo pelos treinos e T\u00e9o observa a cena enciumado. No vesti\u00e1rio, Sofia pede desculpa para L\u00edvia, e elas resolvem fazer as pazes. Romeu e Julieta conversam escondidos e decidem continuar amizade.<\/p>\n<p>(*) edi\u00e7\u00e3o das novelas do SBT, \u201cA Inf\u00e2ncia de Romeu e Julieta\u201d, sujeito a altera\u00e7\u00e3o de data e conte\u00fado.<\/p>\n<p>Sinopse \u201cA Inf\u00e2ncia de Romeu e Julieta\u201d: A Trama se passa no bairro chamado castanheiras, em que duas fam\u00edlias com propostas diferentes para esse bairro vivem em disc\u00f3rdia, sendo divididas entre os lados Torre (Campos) e Vila (Monteiro).[6] Entretanto, Romeu (Miguel \u00c2ngelo) e Julieta (Vitt\u00f3ria Seixas) se conhecem, da\u00ed em diante, as fam\u00edlias rivais t\u00eam uma nova oportunidade de trazer paz e uni\u00e3o entre o conv\u00edvio deles. <\/p>\n<p>Romeu e Julieta n\u00e3o sabem como v\u00e3o fazer para ficarem juntos. A not\u00edcia do romance chega \u00e0s fam\u00edlias, que n\u00e3o gostam nada da hist\u00f3ria e tratam de afasta-los imediatamente, aprontando v\u00e1rias situa\u00e7\u00f5es. Romeu e Julieta querem acabar com essa hostilidade e tentam ir atr\u00e1s de uma solu\u00e7\u00e3o, mas ao descobrirem mais sobre a hist\u00f3ria de seus pais, percebem que pode ser imposs\u00edvel.<\/p>\n","protected":false},"excerpt":{"rendered":"<p>Resumo da novela \u201cA Inf\u00e2ncia de Romeu e Julieta\u201d em 29\/09: no cap\u00edtulo 105(*) da novela, Dimitri, Ellen, Ian e Nath entram no Mundo da Imagina\u00e7\u00e3o para tentar enxergar Leon. Na nova aventura, as crian\u00e7as projetam seus her\u00f3is de inf\u00e2ncia. Dimitri projeta um cientista maluco, o Doutor Herbert. Nath imagina a Mulher Magn\u00edfica, uma super [&hellip;]<\/p>\n","protected":false},"author":3,"featured_media":232241,"comment_status":"closed","ping_status":"closed","sticky":false,"template":"","format":"standard","meta":{"tdm_status":"","tdm_grid_status":"","footnotes":""},"categories":[2306,379,2025,372,343],"tags":[441],"class_list":{"0":"post-237688","1":"post","2":"type-post","3":"status-publish","4":"format-standard","5":"has-post-thumbnail","7":"category-novela-romeu-e-julieta","8":"category-novelas","9":"category-resumo","10":"category-sbt","11":"category-televisao","12":"tag-resumo-do-dia"},"_links":{"self":[{"href":"https:\/\/migracao.redenoticia.com.br\/noticia\/wp-json\/wp\/v2\/posts\/237688","targetHints":{"allow":["GET"]}}],"collection":[{"href":"https:\/\/migracao.redenoticia.com.br\/noticia\/wp-json\/wp\/v2\/posts"}],"about":[{"href":"https:\/\/migracao.redenoticia.com.br\/noticia\/wp-json\/wp\/v2\/types\/post"}],"author":[{"embeddable":true,"href":"https:\/\/migracao.redenoticia.com.br\/noticia\/wp-json\/wp\/v2\/users\/3"}],"replies":[{"embeddable":true,"href":"https:\/\/migracao.redenoticia.com.br\/noticia\/wp-json\/wp\/v2\/comments?post=237688"}],"version-history":[{"count":0,"href":"https:\/\/migracao.redenoticia.com.br\/noticia\/wp-json\/wp\/v2\/posts\/237688\/revisions"}],"wp:featuredmedia":[{"embeddable":true,"href":"https:\/\/migracao.redenoticia.com.br\/noticia\/wp-json\/wp\/v2\/media\/232241"}],"wp:attachment":[{"href":"https:\/\/migracao.redenoticia.com.br\/noticia\/wp-json\/wp\/v2\/media?parent=237688"}],"wp:term":[{"taxonomy":"category","embeddable":true,"href":"https:\/\/migracao.redenoticia.com.br\/noticia\/wp-json\/wp\/v2\/categories?post=237688"},{"taxonomy":"post_tag","embeddable":true,"href":"https:\/\/migracao.redenoticia.com.br\/noticia\/wp-json\/wp\/v2\/tags?post=237688"}],"curies":[{"name":"wp","href":"https:\/\/api.w.org\/{rel}","templated":true}]}}