{"id":237689,"date":"2023-09-28T14:24:52","date_gmt":"2023-09-28T17:24:52","guid":{"rendered":"https:\/\/www.redenoticia.com.br\/noticia\/?p=237689"},"modified":"2023-09-28T14:24:52","modified_gmt":"2023-09-28T17:24:52","slug":"resumo-um-refugio-para-o-amor-29-09-paz-avisa-luciana-que-ela-esta-gravida","status":"publish","type":"post","link":"https:\/\/migracao.redenoticia.com.br\/noticia\/2023\/resumo-um-refugio-para-o-amor-29-09-paz-avisa-luciana-que-ela-esta-gravida\/237689","title":{"rendered":"Resumo \u201cUm Ref\u00fagio para o Amor\u201d 29\/09: Paz avisa Luciana que ela est\u00e1 gr\u00e1vida"},"content":{"rendered":"<p> <img loading=\"lazy\" decoding=\"async\" src=\"https:\/\/migracao.redenoticia.com.br\/noticia\/imagens\/um-refugio-para-o-amor-novela-resumo-sbt.jpg.jpg\" alt=\"\" width=\"1280\" height=\"720\" class=\"aligncenter size-full wp-image-233922\" srcset=\"https:\/\/migracao.redenoticia.com.br\/noticia\/imagens\/um-refugio-para-o-amor-novela-resumo-sbt.jpg.jpg 1280w, https:\/\/migracao.redenoticia.com.br\/noticia\/imagens\/um-refugio-para-o-amor-novela-resumo-sbt.jpg-250x140.jpg 250w, https:\/\/migracao.redenoticia.com.br\/noticia\/imagens\/um-refugio-para-o-amor-novela-resumo-sbt.jpg-400x225.jpg 400w, https:\/\/migracao.redenoticia.com.br\/noticia\/imagens\/um-refugio-para-o-amor-novela-resumo-sbt.jpg-768x432.jpg 768w, https:\/\/migracao.redenoticia.com.br\/noticia\/imagens\/um-refugio-para-o-amor-novela-resumo-sbt.jpg-150x84.jpg 150w\" sizes=\"auto, (max-width: 1280px) 100vw, 1280px\" \/> <\/p>\n<p><strong><em>Resumo da novela \u201cUm Ref\u00fagio para o Amor\u201d<\/em><\/strong> em 29\/09: no cap\u00edtulo 070(*) da novela, Magda diz a Rodrigo que Luciana n\u00e3o est\u00e1, mas que pode esperar por ela, enquanto Magda lhe conta sobre o concurso de artesanato. Luciana recebe o seu contrato de trabalho para ler. Patr\u00edcio decide sair com Maximino e Roselena. Br\u00edgida conta a Julieta que Constan\u00e7a foi passar o fim-de-semana fora com \u00d3scar e Julieta fica cheia de ci\u00fames. <\/p>\n<p>Luciana e Rodrigo encontram-se e trocam acusa\u00e7\u00f5es por causa do fim da rela\u00e7\u00e3o. Aquiles telefona a Clara e acusa-a de n\u00e3o ter cumprido a sua promessa porque Rodrigo foi-se encontrar com Luciana. Julieta telefona a Roselena e conta-lhe onde est\u00e1 Rodrigo. Maximino diz a Roselena que ter\u00e3o um problema caso Luciana decida contar a Rodrigo que \u00e9 filha de Cl\u00e1udio. Luciana sente-se mal, Paz olha para os seus olhos e diz-lhe que est\u00e1 gr\u00e1vida.  <\/p>\n<p>Rodrigo diz a Luciana que j\u00e1 sabe que s\u00f3 trabalhou um dia no \u2018Inferno\u2019 e pede que ela volte com ele porque ainda a ama, mas ela o rejeita. Luciana fica tonta e Paz avisa que est\u00e1 gr\u00e1vida. Paz diz a Luciana que se ela estiver gr\u00e1vida tem que contar a Rodrigo, mas ela avisa que o beb\u00ea ser\u00e1 s\u00f3 dela. Rodrigo conta a Rosa Elena que foi o primeiro na vida de Luciana. Melissa confessa a Hannah que se apaixonou por Claudio.<\/p>\n<p>(*) edi\u00e7\u00e3o das novelas do SBT, \u201cUm Ref\u00fagio para o Amor\u201d, sujeito a altera\u00e7\u00e3o de data e conte\u00fado.<\/p>\n<p>Sinopse \u201cUm Ref\u00fagio para o Amor\u201d: Uma hist\u00f3ria de amor entre uma jovem linda, humilde, simples e trabalhadora que gera admira\u00e7\u00e3o entre os homens e inveja entre as mulheres, e que \u00e9 obrigada a fugir de sua cidade, para a capital, encontrando o amor em um homem rico, bonito, de classe, arrogante, amante de esportes radicais e com fama de conquistador, mas que \u00e9 generoso e atencioso. Eles ter\u00e3o que passar por muitas dificuldades para ficarem juntos.<\/p>\n<p>Estrelado por Zuria Vega e Gabriel Soto com um elenco de primeira classe, incluindo Jessica Coch, Roberto Bland\u00f3n, Laura Flores, Jos\u00e9 Carlos Ruiz, entre outros. Um ref\u00fagio para o amor \u00e9 uma novela mexicana produzida por Ignacio Sada Madero, originalmente por Delia Fiallo e adaptada por Georgina Tinoco.<\/p>\n","protected":false},"excerpt":{"rendered":"<p>Resumo da novela \u201cUm Ref\u00fagio para o Amor\u201d em 29\/09: no cap\u00edtulo 070(*) da novela, Magda diz a Rodrigo que Luciana n\u00e3o est\u00e1, mas que pode esperar por ela, enquanto Magda lhe conta sobre o concurso de artesanato. Luciana recebe o seu contrato de trabalho para ler. Patr\u00edcio decide sair com Maximino e Roselena. Br\u00edgida [&hellip;]<\/p>\n","protected":false},"author":2,"featured_media":233921,"comment_status":"closed","ping_status":"closed","sticky":false,"template":"","format":"standard","meta":{"tdm_status":"","tdm_grid_status":"","footnotes":""},"categories":[379,2025,372,343,2310],"tags":[441],"class_list":{"0":"post-237689","1":"post","2":"type-post","3":"status-publish","4":"format-standard","5":"has-post-thumbnail","7":"category-novelas","8":"category-resumo","9":"category-sbt","10":"category-televisao","11":"category-um-refugio-para-o-amor","12":"tag-resumo-do-dia"},"_links":{"self":[{"href":"https:\/\/migracao.redenoticia.com.br\/noticia\/wp-json\/wp\/v2\/posts\/237689","targetHints":{"allow":["GET"]}}],"collection":[{"href":"https:\/\/migracao.redenoticia.com.br\/noticia\/wp-json\/wp\/v2\/posts"}],"about":[{"href":"https:\/\/migracao.redenoticia.com.br\/noticia\/wp-json\/wp\/v2\/types\/post"}],"author":[{"embeddable":true,"href":"https:\/\/migracao.redenoticia.com.br\/noticia\/wp-json\/wp\/v2\/users\/2"}],"replies":[{"embeddable":true,"href":"https:\/\/migracao.redenoticia.com.br\/noticia\/wp-json\/wp\/v2\/comments?post=237689"}],"version-history":[{"count":0,"href":"https:\/\/migracao.redenoticia.com.br\/noticia\/wp-json\/wp\/v2\/posts\/237689\/revisions"}],"wp:featuredmedia":[{"embeddable":true,"href":"https:\/\/migracao.redenoticia.com.br\/noticia\/wp-json\/wp\/v2\/media\/233921"}],"wp:attachment":[{"href":"https:\/\/migracao.redenoticia.com.br\/noticia\/wp-json\/wp\/v2\/media?parent=237689"}],"wp:term":[{"taxonomy":"category","embeddable":true,"href":"https:\/\/migracao.redenoticia.com.br\/noticia\/wp-json\/wp\/v2\/categories?post=237689"},{"taxonomy":"post_tag","embeddable":true,"href":"https:\/\/migracao.redenoticia.com.br\/noticia\/wp-json\/wp\/v2\/tags?post=237689"}],"curies":[{"name":"wp","href":"https:\/\/api.w.org\/{rel}","templated":true}]}}