{"id":237731,"date":"2023-09-29T18:23:06","date_gmt":"2023-09-29T21:23:06","guid":{"rendered":"https:\/\/www.redenoticia.com.br\/noticia\/?p=237731"},"modified":"2023-09-29T18:23:06","modified_gmt":"2023-09-29T21:23:06","slug":"resumo-fuzue-30-09-maria-navalha-repreende-cata-ouro","status":"publish","type":"post","link":"https:\/\/migracao.redenoticia.com.br\/noticia\/2023\/resumo-fuzue-30-09-maria-navalha-repreende-cata-ouro\/237731","title":{"rendered":"Resumo \u201cFuzu\u00ea\u201d 30\/09: Maria Navalha repreende Cata Ouro"},"content":{"rendered":"<p> <img loading=\"lazy\" decoding=\"async\" src=\"https:\/\/migracao.redenoticia.com.br\/noticia\/imagens\/fuzue-novela-resumo-elenco-globo.jpg\" alt=\"\" width=\"1280\" height=\"720\" class=\"aligncenter size-full wp-image-235541\" srcset=\"https:\/\/migracao.redenoticia.com.br\/noticia\/imagens\/fuzue-novela-resumo-elenco-globo.jpg 1280w, https:\/\/migracao.redenoticia.com.br\/noticia\/imagens\/fuzue-novela-resumo-elenco-globo-250x140.jpg 250w, https:\/\/migracao.redenoticia.com.br\/noticia\/imagens\/fuzue-novela-resumo-elenco-globo-400x225.jpg 400w, https:\/\/migracao.redenoticia.com.br\/noticia\/imagens\/fuzue-novela-resumo-elenco-globo-768x432.jpg 768w, https:\/\/migracao.redenoticia.com.br\/noticia\/imagens\/fuzue-novela-resumo-elenco-globo-150x84.jpg 150w\" sizes=\"auto, (max-width: 1280px) 100vw, 1280px\" \/> <\/p>\n<p><strong><em>Resumo da novela \u201cFuzu\u00ea\u201d<\/em><\/strong> em 30\/09: no cap\u00edtulo 041(*) da novela, Luna exige saber onde Maria Navalha esteve durante o per\u00edodo em que ficou sumida. Miguel rev\u00ea com Vitor as fotos do suposto ladr\u00e3o da Fuzu\u00ea. Bebel relembra para Em\u00edlia da \u00e9poca em que conheceu Nero. Preciosa confabula com Pascoal contra Maria Navalha. Maria Navalha mente para Luna. Preciosa tem uma ideia para acabar com a Fuzu\u00ea. <\/p>\n<p>Cec\u00edlia questiona Heitor sobre as pesquisas de C\u00e9sar. Nero conversa com Cl\u00e1udio sobre a antiga dona da Fuzu\u00ea. Ca\u00edto tem uma vis\u00e3o sobre o futuro e Rejane fica intrigada. Al\u00edcia tem uma ideia para reverter sua situa\u00e7\u00e3o nas redes sociais. Preciosa garante a Pascoal que ir\u00e1 derrubar a Fuzu\u00ea. Cl\u00e1udio afirma a Nero que Maria Navalha os ajudar\u00e1 a encontrar o tesouro da Dama de Ouro. Ol\u00edvia chora na frente de Luna. Maria Navalha repreende Cata Ouro por envolver Luna na ca\u00e7a ao tesouro.<\/p>\n<p>(*) edi\u00e7\u00e3o das novelas da Globo, \u201cFuzu\u00ea\u201d, sujeito a altera\u00e7\u00e3o de data e conte\u00fado.<\/p>\n<p>Sinopse \u201cFuzu\u00ea\u201d: Luna (Giovana Cordeiro) \u00e9 uma jovem carism\u00e1tica e batalhadora que se empenha em procurar sua m\u00e3e, Maria Navalha (Ol\u00edvia Ara\u00fajo), vista pela \u00faltima vez na loja Fuzu\u00ea. Durante a investiga\u00e7\u00e3o, Luna se apaixona pelo advogado Miguel (Nicolas Prattes), um dos filhos do empres\u00e1rio e ex-feirante Nero (Edson Celulari), dono da \u201cFuzu\u00ea\u201d. Miguel disputa o amor de Luna com Jefinho Sem Vergonha (Micael Borges), um motorista de aplicativo. Luna tem como sua melhor amiga Soraya Terremoto (Heslaine Vieira), dan\u00e7arina do Beco do Gamb\u00e1, que vive uma rela\u00e7\u00e3o calorosa com Francisco (Michel Joelsas), um dos herdeiros da Fuzu\u00ea, e rejeita as investidas de Merreca (Ruan Aguiar).<\/p>\n<p>Enquanto isso, a gananciosa Preciosa Montebello (Marina Ruy Barbosa), uma poderosa empres\u00e1ria, casada com o corrupto pol\u00edtico Heitor (Felipe Simas), recebe como heran\u00e7a do pai, C\u00e9sar (Leopoldo Pacheco), documentos que indicam a localiza\u00e7\u00e3o de uma fortuna escondida nos terrenos da Fuzu\u00ea. Em meio \u00e0 papelada descobre a exist\u00eancia de uma meia-irm\u00e3, Luna, com quem ela deve dividir o seu patrim\u00f4nio. Preciosa faz o poss\u00edvel para comprar e demolir a loja \u201cFuzu\u00ea\u201d.<\/p>\n","protected":false},"excerpt":{"rendered":"<p>Resumo da novela \u201cFuzu\u00ea\u201d em 30\/09: no cap\u00edtulo 041(*) da novela, Luna exige saber onde Maria Navalha esteve durante o per\u00edodo em que ficou sumida. Miguel rev\u00ea com Vitor as fotos do suposto ladr\u00e3o da Fuzu\u00ea. Bebel relembra para Em\u00edlia da \u00e9poca em que conheceu Nero. Preciosa confabula com Pascoal contra Maria Navalha. Maria Navalha [&hellip;]<\/p>\n","protected":false},"author":3,"featured_media":235540,"comment_status":"closed","ping_status":"closed","sticky":false,"template":"","format":"standard","meta":{"tdm_status":"","tdm_grid_status":"","footnotes":""},"categories":[2314,379,375,2025,343],"tags":[441],"class_list":{"0":"post-237731","1":"post","2":"type-post","3":"status-publish","4":"format-standard","5":"has-post-thumbnail","7":"category-fuzue","8":"category-novelas","9":"category-rede-globo","10":"category-resumo","11":"category-televisao","12":"tag-resumo-do-dia"},"_links":{"self":[{"href":"https:\/\/migracao.redenoticia.com.br\/noticia\/wp-json\/wp\/v2\/posts\/237731","targetHints":{"allow":["GET"]}}],"collection":[{"href":"https:\/\/migracao.redenoticia.com.br\/noticia\/wp-json\/wp\/v2\/posts"}],"about":[{"href":"https:\/\/migracao.redenoticia.com.br\/noticia\/wp-json\/wp\/v2\/types\/post"}],"author":[{"embeddable":true,"href":"https:\/\/migracao.redenoticia.com.br\/noticia\/wp-json\/wp\/v2\/users\/3"}],"replies":[{"embeddable":true,"href":"https:\/\/migracao.redenoticia.com.br\/noticia\/wp-json\/wp\/v2\/comments?post=237731"}],"version-history":[{"count":0,"href":"https:\/\/migracao.redenoticia.com.br\/noticia\/wp-json\/wp\/v2\/posts\/237731\/revisions"}],"wp:featuredmedia":[{"embeddable":true,"href":"https:\/\/migracao.redenoticia.com.br\/noticia\/wp-json\/wp\/v2\/media\/235540"}],"wp:attachment":[{"href":"https:\/\/migracao.redenoticia.com.br\/noticia\/wp-json\/wp\/v2\/media?parent=237731"}],"wp:term":[{"taxonomy":"category","embeddable":true,"href":"https:\/\/migracao.redenoticia.com.br\/noticia\/wp-json\/wp\/v2\/categories?post=237731"},{"taxonomy":"post_tag","embeddable":true,"href":"https:\/\/migracao.redenoticia.com.br\/noticia\/wp-json\/wp\/v2\/tags?post=237731"}],"curies":[{"name":"wp","href":"https:\/\/api.w.org\/{rel}","templated":true}]}}