{"id":23777,"date":"2010-03-02T16:51:04","date_gmt":"2010-03-02T20:51:04","guid":{"rendered":"http:\/\/www.redenoticia.com.br\/noticia\/?p=23777"},"modified":"2010-03-08T14:53:46","modified_gmt":"2010-03-08T18:53:46","slug":"rede-record-idolos-abre-inscricoes-para-terceira-temporada","status":"publish","type":"post","link":"https:\/\/migracao.redenoticia.com.br\/noticia\/2010\/rede-record-idolos-abre-inscricoes-para-terceira-temporada\/23777","title":{"rendered":"\u00cddolos &#8211; inscri\u00e7\u00e3o para terceira temporada"},"content":{"rendered":"<p><strong><em><img loading=\"lazy\" decoding=\"async\" class=\"alignleft size-full wp-image-17685\" title=\"Rede Record \u00cddolos 2010\" src=\"https:\/\/migracao.redenoticia.com.br\/noticia\/imagens\/idolos4.jpg\" alt=\"\" width=\"300\" height=\"193\" srcset=\"https:\/\/migracao.redenoticia.com.br\/noticia\/imagens\/idolos4.jpg 300w, https:\/\/migracao.redenoticia.com.br\/noticia\/imagens\/idolos4-250x160.jpg 250w, https:\/\/migracao.redenoticia.com.br\/noticia\/imagens\/idolos4-150x96.jpg 150w\" sizes=\"auto, (max-width: 300px) 100vw, 300px\" \/>Rede Record <span style=\"font-weight: normal;\"><span style=\"font-style: normal;\">\u00cddolos 2010<\/span><\/span><\/em><\/strong> &#8211;\u00a0O maior reality show da m\u00fasica abre novas inscri\u00e7\u00f5es para sua terceira temporada na Rede Record. <strong><em>\u00cddolos<\/em><\/strong>, vers\u00e3o brasileira do &#8220;American Idol&#8221;, vai revelar o novo talento da m\u00fasica nacional e emocionar o p\u00fablico com as hist\u00f3rias de centenas de candidatos que buscam a realiza\u00e7\u00e3o atrav\u00e9s da m\u00fasica. \u00a0<\/p>\n<p>A grande novidade da temporada \u00cddolos 2010 da Rede Record \u00e9 a amplia\u00e7\u00e3o da faixa et\u00e1ria. Agora, os candidatos a partir de 16 anos, completos at\u00e9 o dia 20 de mar\u00e7o, poder\u00e3o se inscrever.\u00a0 A participa\u00e7\u00e3o de menores de idade s\u00f3 ser\u00e1 poss\u00edvel mediante a presen\u00e7a dos pais ou respons\u00e1veis legais na grava\u00e7\u00e3o, ou a apresenta\u00e7\u00e3o de uma autoriza\u00e7\u00e3o registrada em cart\u00f3rio. A faixa et\u00e1ria tamb\u00e9m foi modificada de 26 para 28 anos, completados at\u00e9 o dia 30 de setembro deste ano. Com a novidade, o programa pretende bater novo recorde de inscritos.<\/p>\n<p>As inscri\u00e7\u00f5es \u00a0\u00cddolos 2010 da Rede Record\u00a0ser\u00e3o feitas diretamente no site do programa: <a href=\"http:\/\/www.idolos2010.com.br\/\" target=\"_blank\">www.idolos2010.com.br<\/a><\/p>\n<p>As audi\u00e7\u00f5es do programa \u00a0\u00cddolos 2010 da Rede Record\u00a0come\u00e7ar\u00e3o no fim de mar\u00e7o em Fortaleza, no Cear\u00e1. Em abril o programa viaja para Uberl\u00e2ndia, em Minas Gerais; e para as capitais do Rio de Janeiro e S\u00e3o Paulo. Ser\u00e3o quatro cidades, sendo que Uberl\u00e2ndia ser\u00e1 sede das audi\u00e7\u00f5es pela primeira vez.\u00a0<\/p>\n<p>Datas e cidades das audi\u00e7\u00f5es:\u00a0<\/p>\n<p>27\/03 &#8211; Fortaleza<\/p>\n<p>10\/04 &#8211; Uberl\u00e2ndia<\/p>\n<p>17\/04 &#8211; Rio de Janeiro<\/p>\n<p>24\/04 &#8211; S\u00e3o Paulo<\/p>\n<p>\u00cdDOLOS \u00e9 a vers\u00e3o brasileira do &#8220;American Idol&#8221;, que j\u00e1 lan\u00e7ou artistas ganhadores de Grammy &#8211; o maior pr\u00eamio da m\u00fasica mundial, tal como Kelly Clarkson. O reality show j\u00e1 foi produzido em mais de 40 pa\u00edses pela FremantleMedia.\u00a0Informa\u00e7\u00f5es sobre inscri\u00e7\u00f5es e regulamento do programa \u00a0\u00cddolos 2010 da Rede Record<br \/>\n\u00a0est\u00e3o dispon\u00edveis pelo: <a href=\"http:\/\/www.idolos2010.com.br\/\" target=\"_blank\">www.idolos2010.com.br<\/a>\u00a0\u00a0.<\/p>\n<p>\u00a0\u00cddolos 2010 &#8211; Rede Record<\/p>\n","protected":false},"excerpt":{"rendered":"<p>Rede Record \u00cddolos 2010 &#8211;\u00a0O maior reality show da m\u00fasica abre novas inscri\u00e7\u00f5es para sua terceira temporada na Rede Record. \u00cddolos, vers\u00e3o brasileira do &#8220;American Idol&#8221;, vai revelar o novo talento da m\u00fasica nacional e emocionar o p\u00fablico com as hist\u00f3rias de centenas de candidatos que buscam a realiza\u00e7\u00e3o atrav\u00e9s da m\u00fasica. \u00a0 A grande [&hellip;]<\/p>\n","protected":false},"author":3,"featured_media":17685,"comment_status":"open","ping_status":"open","sticky":false,"template":"","format":"standard","meta":{"tdm_status":"","tdm_grid_status":"","footnotes":""},"categories":[22,371,343],"tags":[],"class_list":{"0":"post-23777","1":"post","2":"type-post","3":"status-publish","4":"format-standard","5":"has-post-thumbnail","7":"category-brasil","8":"category-rede-record","9":"category-televisao"},"_links":{"self":[{"href":"https:\/\/migracao.redenoticia.com.br\/noticia\/wp-json\/wp\/v2\/posts\/23777","targetHints":{"allow":["GET"]}}],"collection":[{"href":"https:\/\/migracao.redenoticia.com.br\/noticia\/wp-json\/wp\/v2\/posts"}],"about":[{"href":"https:\/\/migracao.redenoticia.com.br\/noticia\/wp-json\/wp\/v2\/types\/post"}],"author":[{"embeddable":true,"href":"https:\/\/migracao.redenoticia.com.br\/noticia\/wp-json\/wp\/v2\/users\/3"}],"replies":[{"embeddable":true,"href":"https:\/\/migracao.redenoticia.com.br\/noticia\/wp-json\/wp\/v2\/comments?post=23777"}],"version-history":[{"count":0,"href":"https:\/\/migracao.redenoticia.com.br\/noticia\/wp-json\/wp\/v2\/posts\/23777\/revisions"}],"wp:featuredmedia":[{"embeddable":true,"href":"https:\/\/migracao.redenoticia.com.br\/noticia\/wp-json\/wp\/v2\/media\/17685"}],"wp:attachment":[{"href":"https:\/\/migracao.redenoticia.com.br\/noticia\/wp-json\/wp\/v2\/media?parent=23777"}],"wp:term":[{"taxonomy":"category","embeddable":true,"href":"https:\/\/migracao.redenoticia.com.br\/noticia\/wp-json\/wp\/v2\/categories?post=23777"},{"taxonomy":"post_tag","embeddable":true,"href":"https:\/\/migracao.redenoticia.com.br\/noticia\/wp-json\/wp\/v2\/tags?post=23777"}],"curies":[{"name":"wp","href":"https:\/\/api.w.org\/{rel}","templated":true}]}}