{"id":2378,"date":"2009-06-04T22:03:34","date_gmt":"2009-06-05T02:03:34","guid":{"rendered":"http:\/\/www.redenoticia.com.br\/noticia\/?p=2378"},"modified":"2009-06-04T22:03:34","modified_gmt":"2009-06-05T02:03:34","slug":"lancamento-oficial-de-campanha-ambiental-em-ji-parana","status":"publish","type":"post","link":"https:\/\/migracao.redenoticia.com.br\/noticia\/2009\/lancamento-oficial-de-campanha-ambiental-em-ji-parana\/2378","title":{"rendered":"Lan\u00e7amento oficial de campanha ambiental em Ji-Paran\u00e1"},"content":{"rendered":"<p><strong><span style=\"text-decoration: underline;\"><\/span><\/strong><span style=\"font-size: 11pt; font-family: Arial; color: windowtext;\">Diversas entidades de Ji-Paran\u00e1 (RO) come\u00e7am hoje (5) a implementa\u00e7\u00e3o da campanha \u201cSeja Positivo\u201d, para viabilizar a devolu\u00e7\u00e3o de pilhas, baterias e l\u00e2mpadas fluorescentes.\u00a0 A campanha \u00e9 resultado da parceria entre a Secretaria Municipal de Agricultura e Meio Ambiente (Semagri), Secretaria de Desenvolvimento Ambiental (Sedam), Emater, Associa\u00e7\u00e3o Comercial e Industrial de Ji-Paran\u00e1 (Acijip), Organiza\u00e7\u00f5es N\u00e3o-governamentais (Ong\u2019s), e alunos do curso de Comunica\u00e7\u00e3o Social da Ulbra.<\/span><span style=\"font-size: 11pt; font-family: Arial;\"><\/span><\/p>\n<p><span style=\"font-size: 11pt; font-family: Arial; color: windowtext;\">Segundo Cleusa Aparecida Almeida, Fiscal Ambiental da Semagri, \u00e9 necess\u00e1rio que a popula\u00e7\u00e3o tenha consci\u00eancia da necessidade de realizar a devolu\u00e7\u00e3o desse material ao local onde foi adquirido, para que o vendedor possa devolver a ind\u00fastria, que dever\u00e1 realizar o correto descarte desses objetos.<\/span><span style=\"font-size: 11pt; font-family: Arial;\"><\/span><\/p>\n<p><span style=\"font-size: 11pt; font-family: Arial; color: windowtext;\">\u201c\u00c9 lei, e precisamos fazer com que ela seja cumprida. Quem vende pilhas, baterias e l\u00e2mpadas \u00e9 respons\u00e1vel pela sua devolu\u00e7\u00e3o para quem fabricou. Para isso estamos\u00a0 iniciando essa campanha de conscientiza\u00e7\u00e3o. Vamos disponibilizar locais de coleta deste material. Encontramos v\u00e1rias pessoas que t\u00eam conhecimento da necessidade de n\u00e3o jogar esses objetos no lixo comum mas n\u00e3o sabem para onde levar\u201d, explicou.<\/span><span style=\"font-size: 11pt; font-family: Arial;\"><\/span><\/p>\n<p><span style=\"font-size: 11pt; font-family: Arial; color: windowtext;\">C\u00e1dmio, Merc\u00fario, Chumbo e mat\u00e9rias pesados, s\u00e3o alguns dos componentes das l\u00e2mpadas, baterias e pilhas, que causam s\u00e9rios danos ao organismo. O dano pelo contato com essas subst\u00e2ncias geralmente n\u00e3o ocorre de imediato. \u201cUma grande preocupa\u00e7\u00e3o \u00e9 com as crian\u00e7as que costumam manusear pilhas por causa do seu uso em brinquedos. O problema pode acabar se manifestando na fase adulta em forma de um c\u00e2ncer\u201d, afirmou.<\/span><span style=\"font-size: 11pt; font-family: Arial;\"><\/span><\/p>\n<p><span style=\"font-size: 11pt; font-family: Arial; color: windowtext;\">Edilene Silva, engenheira agr\u00f4noma da Semagri, alerta para a contamina\u00e7\u00e3o via solo. \u201c\u00c9 uma cadeia: essa material \u00e9 jogado no lixo comum, ocorre a contamina\u00e7\u00e3o dos len\u00e7\u00f3is fre\u00e1ticos, que acaba contaminando peixes, gado e planta\u00e7\u00f5es. Esses alimentos s\u00e3o consumidos pelos seres humanos e, de forma cumulativa, acabam desenvolvendo s\u00e9rios problemas\u201d, concluiu.<\/span><span style=\"font-size: 11pt; font-family: Arial;\"><\/span><\/p>\n<p><span style=\"font-size: 11pt; font-family: Arial; color: windowtext;\">Ainda n\u00e3o h\u00e1 uma estat\u00edstica da quantidade destes materiais que s\u00e3o jogados no lixo comum, contaminando o solo. Outro objetivo desta campanha \u00e9 realizar este levantamento j\u00e1 no primeiro m\u00eas de coleta.<\/span><span style=\"font-size: 11pt; font-family: Arial;\"><\/span><\/p>\n","protected":false},"excerpt":{"rendered":"<p>Diversas entidades de Ji-Paran\u00e1 (RO) come\u00e7am hoje (5) a implementa\u00e7\u00e3o da campanha \u201cSeja Positivo\u201d, para viabilizar a devolu\u00e7\u00e3o de pilhas, baterias e l\u00e2mpadas fluorescentes.\u00a0 A campanha \u00e9 resultado da parceria entre a Secretaria Municipal de Agricultura e Meio Ambiente (Semagri), Secretaria de Desenvolvimento Ambiental (Sedam), Emater, Associa\u00e7\u00e3o Comercial e Industrial de Ji-Paran\u00e1 (Acijip), Organiza\u00e7\u00f5es N\u00e3o-governamentais [&hellip;]<\/p>\n","protected":false},"author":3,"featured_media":0,"comment_status":"open","ping_status":"open","sticky":false,"template":"","format":"standard","meta":{"tdm_status":"","tdm_grid_status":"","footnotes":""},"categories":[22],"tags":[],"class_list":{"0":"post-2378","1":"post","2":"type-post","3":"status-publish","4":"format-standard","6":"category-brasil"},"_links":{"self":[{"href":"https:\/\/migracao.redenoticia.com.br\/noticia\/wp-json\/wp\/v2\/posts\/2378","targetHints":{"allow":["GET"]}}],"collection":[{"href":"https:\/\/migracao.redenoticia.com.br\/noticia\/wp-json\/wp\/v2\/posts"}],"about":[{"href":"https:\/\/migracao.redenoticia.com.br\/noticia\/wp-json\/wp\/v2\/types\/post"}],"author":[{"embeddable":true,"href":"https:\/\/migracao.redenoticia.com.br\/noticia\/wp-json\/wp\/v2\/users\/3"}],"replies":[{"embeddable":true,"href":"https:\/\/migracao.redenoticia.com.br\/noticia\/wp-json\/wp\/v2\/comments?post=2378"}],"version-history":[{"count":0,"href":"https:\/\/migracao.redenoticia.com.br\/noticia\/wp-json\/wp\/v2\/posts\/2378\/revisions"}],"wp:attachment":[{"href":"https:\/\/migracao.redenoticia.com.br\/noticia\/wp-json\/wp\/v2\/media?parent=2378"}],"wp:term":[{"taxonomy":"category","embeddable":true,"href":"https:\/\/migracao.redenoticia.com.br\/noticia\/wp-json\/wp\/v2\/categories?post=2378"},{"taxonomy":"post_tag","embeddable":true,"href":"https:\/\/migracao.redenoticia.com.br\/noticia\/wp-json\/wp\/v2\/tags?post=2378"}],"curies":[{"name":"wp","href":"https:\/\/api.w.org\/{rel}","templated":true}]}}