{"id":237851,"date":"2023-10-03T11:45:47","date_gmt":"2023-10-03T14:45:47","guid":{"rendered":"https:\/\/www.redenoticia.com.br\/noticia\/?p=237851"},"modified":"2023-10-03T11:45:47","modified_gmt":"2023-10-03T14:45:47","slug":"resumo-sera-isso-amor-04-10-o-novo-socio-da-empresa-surpreende-eda","status":"publish","type":"post","link":"https:\/\/migracao.redenoticia.com.br\/noticia\/2023\/resumo-sera-isso-amor-04-10-o-novo-socio-da-empresa-surpreende-eda\/237851","title":{"rendered":"Resumo \u201cSer\u00e1 Isso Amor?\u201d 04\/10: O novo s\u00f3cio da empresa surpreende Eda"},"content":{"rendered":"<p> <img loading=\"lazy\" decoding=\"async\" class=\"aligncenter size-full wp-image-235988\" src=\"https:\/\/migracao.redenoticia.com.br\/noticia\/imagens\/novela-sera-isso-amor-tnt-resumo-elenco.jpg\" alt=\"\" width=\"1280\" height=\"720\" srcset=\"https:\/\/migracao.redenoticia.com.br\/noticia\/imagens\/novela-sera-isso-amor-tnt-resumo-elenco.jpg 1280w, https:\/\/migracao.redenoticia.com.br\/noticia\/imagens\/novela-sera-isso-amor-tnt-resumo-elenco-250x140.jpg 250w, https:\/\/migracao.redenoticia.com.br\/noticia\/imagens\/novela-sera-isso-amor-tnt-resumo-elenco-400x225.jpg 400w, https:\/\/migracao.redenoticia.com.br\/noticia\/imagens\/novela-sera-isso-amor-tnt-resumo-elenco-768x432.jpg 768w, https:\/\/migracao.redenoticia.com.br\/noticia\/imagens\/novela-sera-isso-amor-tnt-resumo-elenco-150x84.jpg 150w\" sizes=\"auto, (max-width: 1280px) 100vw, 1280px\" \/><\/p>\n<p><strong><em>Resumo da novela \u201cSer\u00e1 Isso Amor?\u201d<\/em><\/strong> em 04\/10: no cap\u00edtulo 073(*) da novela, Ao perceber que Melo a segue, Balca arma um plano com Suzi para surpreender o alvo. Ela age como se tivesse um amor com o qual est\u00e1 em desacordo e com o qual faz as pazes. Enquanto Suzi conta para Melo, ela tamb\u00e9m manda flores para a empresa e deixa Eda ver a flor. Quando a pr\u00f3pria Balca diz isso, Eda pensa que perdeu a aposta. Engin diz a Piril que deseja que eles acelerem o casamento e incluam suas fam\u00edlias. Piril quer que o casamento seja o menor poss\u00edvel, mas ao perceber que n\u00e3o ser\u00e1 poss\u00edvel, ela diz que conversar\u00e1 com o pai. O homem que a garota solit\u00e1ria encontra \u00e9 algu\u00e9m que tem muitos guarda-costas. <\/p>\n<p>Enquanto Piril tem que explicar algo ao seu pai, Alexander quer ter outro encontro com Ayfer. O novo s\u00f3cio da empresa surpreende Eda. &#8230;  Ferit, que vai ao concurso, traz boas not\u00edcias. Eles ganharam a licita\u00e7\u00e3o. Como Eda n\u00e3o ficou satisfeita com o arquivo que recebeu, pesquisaram em outros locais e viram o caso e fecharam parceria licitat\u00f3ria com outra empresa. O plano de Balca fracassa. Enquanto acham que o novo s\u00f3cio da empresa \u00e9 um homem, entra uma mulher. Eda fica chocada ao ver a mulher. Ela pode dizer &#8220;vov\u00f3&#8221;. A Av\u00f3 de Eda \u00e9 a nova s\u00f3cia da empresa.23.<\/p>\n<p>(*) edi\u00e7\u00e3o das novelas da TNT\/HBO, \u201cSer\u00e1 Isso Amor?\u201d, sujeito a altera\u00e7\u00e3o de data e conte\u00fado.<\/p>\n<p>Sinopse &#8220;Ser\u00e1 Isso Amor?&#8221;: (Primeira Temporada) Eda n\u00e3o consegue concluir sua gradua\u00e7\u00e3o na faculdade de arquitetura paisag\u00edstica por causa de Serkan Bolat. Serkan tem uma ex-namorada, Selin, que ficou noiva recentemente ap\u00f3s o rompimento. Para recuper\u00e1-la, Serkan oferece a Eda um contrato segundo o qual ela deve fingir ser sua noiva por dois meses. Ela aceita a oferta e n\u00e3o demora para surgir algo entre eles. <\/p>\n<p>(Segunda Temporada) Serkan e Eda passam por momentos dif\u00edceis durante o tratamento de c\u00e2ncer dele, que fica obcecado com sua doen\u00e7a e que vira um homem completamente diferente ap\u00f3s sobreviver. Serkan volta a se concentrar apenas em seu trabalho, que aos poucos o afasta de Eda. Mais tarde, ela vai para a It\u00e1lia para concluir seus estudos, enquanto Serkan continua com sua vida. Mas quando eles finalmente se reencontram ap\u00f3s 5 longos anos, a vida tem uma surpresa para ambos.<\/p>\n","protected":false},"excerpt":{"rendered":"<p>Resumo da novela \u201cSer\u00e1 Isso Amor?\u201d em 04\/10: no cap\u00edtulo 073(*) da novela, Ao perceber que Melo a segue, Balca arma um plano com Suzi para surpreender o alvo. Ela age como se tivesse um amor com o qual est\u00e1 em desacordo e com o qual faz as pazes. Enquanto Suzi conta para Melo, ela [&hellip;]<\/p>\n","protected":false},"author":2,"featured_media":235990,"comment_status":"closed","ping_status":"closed","sticky":false,"template":"","format":"standard","meta":{"tdm_status":"","tdm_grid_status":"","footnotes":""},"categories":[379,2025,2316,343,2315],"tags":[441],"class_list":{"0":"post-237851","1":"post","2":"type-post","3":"status-publish","4":"format-standard","5":"has-post-thumbnail","7":"category-novelas","8":"category-resumo","9":"category-sera-isso-amor","10":"category-televisao","11":"category-tnt","12":"tag-resumo-do-dia"},"_links":{"self":[{"href":"https:\/\/migracao.redenoticia.com.br\/noticia\/wp-json\/wp\/v2\/posts\/237851","targetHints":{"allow":["GET"]}}],"collection":[{"href":"https:\/\/migracao.redenoticia.com.br\/noticia\/wp-json\/wp\/v2\/posts"}],"about":[{"href":"https:\/\/migracao.redenoticia.com.br\/noticia\/wp-json\/wp\/v2\/types\/post"}],"author":[{"embeddable":true,"href":"https:\/\/migracao.redenoticia.com.br\/noticia\/wp-json\/wp\/v2\/users\/2"}],"replies":[{"embeddable":true,"href":"https:\/\/migracao.redenoticia.com.br\/noticia\/wp-json\/wp\/v2\/comments?post=237851"}],"version-history":[{"count":0,"href":"https:\/\/migracao.redenoticia.com.br\/noticia\/wp-json\/wp\/v2\/posts\/237851\/revisions"}],"wp:featuredmedia":[{"embeddable":true,"href":"https:\/\/migracao.redenoticia.com.br\/noticia\/wp-json\/wp\/v2\/media\/235990"}],"wp:attachment":[{"href":"https:\/\/migracao.redenoticia.com.br\/noticia\/wp-json\/wp\/v2\/media?parent=237851"}],"wp:term":[{"taxonomy":"category","embeddable":true,"href":"https:\/\/migracao.redenoticia.com.br\/noticia\/wp-json\/wp\/v2\/categories?post=237851"},{"taxonomy":"post_tag","embeddable":true,"href":"https:\/\/migracao.redenoticia.com.br\/noticia\/wp-json\/wp\/v2\/tags?post=237851"}],"curies":[{"name":"wp","href":"https:\/\/api.w.org\/{rel}","templated":true}]}}