{"id":238057,"date":"2023-10-09T13:03:47","date_gmt":"2023-10-09T16:03:47","guid":{"rendered":"https:\/\/www.redenoticia.com.br\/noticia\/?p=238057"},"modified":"2023-10-09T13:03:47","modified_gmt":"2023-10-09T16:03:47","slug":"resumo-iludida-10-10-derin-perde-o-controle-do-volante","status":"publish","type":"post","link":"https:\/\/migracao.redenoticia.com.br\/noticia\/2023\/resumo-iludida-10-10-derin-perde-o-controle-do-volante\/238057","title":{"rendered":"Resumo \u201cIludida\u201d 10\/10: Derin perde o controle do volante"},"content":{"rendered":"<p> <img loading=\"lazy\" decoding=\"async\" class=\"aligncenter size-full wp-image-235992\" src=\"https:\/\/migracao.redenoticia.com.br\/noticia\/imagens\/novela-iludida-logo-resumo-canal-tnt.jpg\" alt=\"\" width=\"1280\" height=\"720\" srcset=\"https:\/\/migracao.redenoticia.com.br\/noticia\/imagens\/novela-iludida-logo-resumo-canal-tnt.jpg 1280w, https:\/\/migracao.redenoticia.com.br\/noticia\/imagens\/novela-iludida-logo-resumo-canal-tnt-250x140.jpg 250w, https:\/\/migracao.redenoticia.com.br\/noticia\/imagens\/novela-iludida-logo-resumo-canal-tnt-400x225.jpg 400w, https:\/\/migracao.redenoticia.com.br\/noticia\/imagens\/novela-iludida-logo-resumo-canal-tnt-768x432.jpg 768w, https:\/\/migracao.redenoticia.com.br\/noticia\/imagens\/novela-iludida-logo-resumo-canal-tnt-150x84.jpg 150w\" sizes=\"auto, (max-width: 1280px) 100vw, 1280px\" \/><\/p>\n<p><strong><em>Resumo da novela \u201cIludida\u201d<\/em><\/strong> em 10\/10: no cap\u00edtulo 077(*) da novela, Derin fica no caminho de Asya. Asya percebe alguma coisa errada, liga para Volkan e conta para ele. O mist\u00e9rio sobre como Volkan e Derin se conheceram come\u00e7a a se revelar aos poucos. &#8230; <em>Em detalhes,<\/em>  &#8230; Volkan, que foi a Sapanca h\u00e1 5 anos para dar uma confer\u00eancia e discurso, conhece Derin, um jovem animado que acaba de regressar do estrangeiro onde estudou. Ele fica impressionado com a juventude e energia da garota. Ele come\u00e7a a conversar com ela. Shows em torno de Sapanca. Ele vai \u00e0 festa de anivers\u00e1rio de seu amigo \u00e0 noite. Derin e Volkan, que beberam \u00e1lcool, fazem sexo naquela noite. Depois de se tornarem amantes, ele descobre que a garota mora em Tekirdag. <\/p>\n<p>Final da temporada. &#8230; Derin continua dirigindo como louca e com muita raiva. Volkan persegue as duas e as encontra na beira de um penhasco. &#8230; <em>Em detalhes,<\/em> enquanto o marido partiu em busca de um novo amor em Sapanca, para onde foi a neg\u00f3cios, Asya continua a viver em paz, muito confiante no seu casamento e na sua felicidade. G\u00f6n\u00fcl G\u00fc\u00e7l\u00fc teve um ataque card\u00edaco no caf\u00e9 onde Asya foi fazer uma entrevista de emprego, onde recebeu uma oferta de transfer\u00eancia, mas n\u00e3o aceitou. Quando Asya interv\u00e9m e salva sua vida, ela \u00e9 nomeado m\u00e9dica-chefe assistente do hospital. &#8230; Volkan e Derin come\u00e7aram a se encontrar em Tekirda?. A menina descobre por acaso que o homem \u00e9 casado. O relacionamento deles continua com Volkan, que engana a garota dizendo que est\u00e1 infeliz. Observamos tudo o que acontece atrav\u00e9s dos olhos de Derin. Entrando no final da temporada, Derin perde o controle do volante e elas ficam na beira do penhasco. Preocupado com o que aconteceu, Volkan chega no momento em que o carro cai do penhasco. O ve\u00edculo com duas mulheres voa pela fal\u00e9sia at\u00e9 o mar.31.<\/p>\n<p>Ap\u00f3s o acidente, Asya come\u00e7a uma nova vida em Istambul com seu filho Ali e Nil. Volkan fica em Tekirdag com Derin, que agora est\u00e1 numa cadeira de rodas. No caminho para o casamento de Bahar e Melih, Asya sofre um grave contratempo. &#8230; O carro que Derin dirigia caiu do penhasco. Asya saiu da \u00e1gua, voltou e desamarrou o cinto de seguran\u00e7a preso de Derin; empurrou-a para fora da \u00e1gua; ela permaneceu abaixo. Quando a tiraram do mar, fizeram uma massagem card\u00edaca. Embora ela n\u00e3o tenha conseguido se recuperar por dias, a not\u00edcia de que as pernas de Derin ficariam sem movimento abalou a fam\u00edlia G\u00fc\u00e7l\u00fc. Claro, por causa do que Derin disse, sua fam\u00edlia acredita que Asya estava dirigindo o carro e deixou a filha na \u00e1gua. Ela usa suas pernas para amarrar o marido, que est\u00e1 prestes a deix\u00e1-la. Ela disse \u00e0 fam\u00edlia que n\u00e3o poderia viver sem Volkan; Ela diz a Volkan que n\u00e3o pode se recuperar sem ele. Enquanto a agita\u00e7\u00e3o de Derin continua, no final do epis\u00f3dio ficamos sabendo que a menina est\u00e1 mesmo andando e que engana a todos ao esconder isso.<\/p>\n<p>(*) edi\u00e7\u00e3o das novelas da TNT\/HBO, \u201cIludida\u201d, sujeito a altera\u00e7\u00e3o de data e conte\u00fado.<\/p>\n<p>Sinopse &#8220;Iludida&#8221;: Com apenas 37 anos, Asya \u00e9 vice-diretora e m\u00e9dica em um hospital da cidade de Tekirdag. Al\u00e9m de ter uma carreira profissional de sucesso, leva uma vida tranquila com o seu marido Volkan e seu filho Ali. Ela parece ter tudo: um trabalho perfeito, uma casa linda e uma fam\u00edlia feliz. Asya se sente a mulher mais sortuda do mundo, o que mais ela poderia pedir? Tudo na sua vida parecia ser cor-de-rosa, at\u00e9 que ela descobre um cabelo loiro no cachecol do seu marido, o que a transforma em uma pessoa obsessiva e incapaz de confiar nas pessoas ao seu redor. Por\u00e9m, ela n\u00e3o se engana em desconfiar deles: aos poucos, Asya descobre uma rede de mentiras que a leva a perceber que a sua vida n\u00e3o era t\u00e3o perfeita como ela pensava.<\/p>\n","protected":false},"excerpt":{"rendered":"<p>Resumo da novela \u201cIludida\u201d em 10\/10: no cap\u00edtulo 077(*) da novela, Derin fica no caminho de Asya. Asya percebe alguma coisa errada, liga para Volkan e conta para ele. O mist\u00e9rio sobre como Volkan e Derin se conheceram come\u00e7a a se revelar aos poucos. &#8230; Em detalhes, &#8230; Volkan, que foi a Sapanca h\u00e1 5 [&hellip;]<\/p>\n","protected":false},"author":2,"featured_media":235991,"comment_status":"closed","ping_status":"closed","sticky":false,"template":"","format":"standard","meta":{"tdm_status":"","tdm_grid_status":"","footnotes":""},"categories":[2317,379,2025,343,2315],"tags":[441],"class_list":{"0":"post-238057","1":"post","2":"type-post","3":"status-publish","4":"format-standard","5":"has-post-thumbnail","7":"category-iludida","8":"category-novelas","9":"category-resumo","10":"category-televisao","11":"category-tnt","12":"tag-resumo-do-dia"},"_links":{"self":[{"href":"https:\/\/migracao.redenoticia.com.br\/noticia\/wp-json\/wp\/v2\/posts\/238057","targetHints":{"allow":["GET"]}}],"collection":[{"href":"https:\/\/migracao.redenoticia.com.br\/noticia\/wp-json\/wp\/v2\/posts"}],"about":[{"href":"https:\/\/migracao.redenoticia.com.br\/noticia\/wp-json\/wp\/v2\/types\/post"}],"author":[{"embeddable":true,"href":"https:\/\/migracao.redenoticia.com.br\/noticia\/wp-json\/wp\/v2\/users\/2"}],"replies":[{"embeddable":true,"href":"https:\/\/migracao.redenoticia.com.br\/noticia\/wp-json\/wp\/v2\/comments?post=238057"}],"version-history":[{"count":0,"href":"https:\/\/migracao.redenoticia.com.br\/noticia\/wp-json\/wp\/v2\/posts\/238057\/revisions"}],"wp:featuredmedia":[{"embeddable":true,"href":"https:\/\/migracao.redenoticia.com.br\/noticia\/wp-json\/wp\/v2\/media\/235991"}],"wp:attachment":[{"href":"https:\/\/migracao.redenoticia.com.br\/noticia\/wp-json\/wp\/v2\/media?parent=238057"}],"wp:term":[{"taxonomy":"category","embeddable":true,"href":"https:\/\/migracao.redenoticia.com.br\/noticia\/wp-json\/wp\/v2\/categories?post=238057"},{"taxonomy":"post_tag","embeddable":true,"href":"https:\/\/migracao.redenoticia.com.br\/noticia\/wp-json\/wp\/v2\/tags?post=238057"}],"curies":[{"name":"wp","href":"https:\/\/api.w.org\/{rel}","templated":true}]}}