{"id":238059,"date":"2023-10-09T13:01:42","date_gmt":"2023-10-09T16:01:42","guid":{"rendered":"https:\/\/www.redenoticia.com.br\/noticia\/?p=238059"},"modified":"2023-10-09T13:01:42","modified_gmt":"2023-10-09T16:01:42","slug":"resumo-a-infancia-de-romeu-e-julieta-10-10-bassanio-pergunta-para-vitor-sobre-porcia","status":"publish","type":"post","link":"https:\/\/migracao.redenoticia.com.br\/noticia\/2023\/resumo-a-infancia-de-romeu-e-julieta-10-10-bassanio-pergunta-para-vitor-sobre-porcia\/238059","title":{"rendered":"Resumo \u201cA Inf\u00e2ncia de Romeu e Julieta\u201d 10\/10: Bass\u00e2nio pergunta para Vitor sobre P\u00f3rcia"},"content":{"rendered":"<p> <img loading=\"lazy\" decoding=\"async\" src=\"https:\/\/migracao.redenoticia.com.br\/noticia\/imagens\/novela-romeu-e-julieta-sbt-elenco-resumo.jpg\" alt=\"\" width=\"1280\" height=\"720\" class=\"aligncenter size-full wp-image-232242\" srcset=\"https:\/\/migracao.redenoticia.com.br\/noticia\/imagens\/novela-romeu-e-julieta-sbt-elenco-resumo.jpg 1280w, https:\/\/migracao.redenoticia.com.br\/noticia\/imagens\/novela-romeu-e-julieta-sbt-elenco-resumo-250x140.jpg 250w, https:\/\/migracao.redenoticia.com.br\/noticia\/imagens\/novela-romeu-e-julieta-sbt-elenco-resumo-400x225.jpg 400w, https:\/\/migracao.redenoticia.com.br\/noticia\/imagens\/novela-romeu-e-julieta-sbt-elenco-resumo-768x432.jpg 768w, https:\/\/migracao.redenoticia.com.br\/noticia\/imagens\/novela-romeu-e-julieta-sbt-elenco-resumo-150x84.jpg 150w\" sizes=\"auto, (max-width: 1280px) 100vw, 1280px\" \/><\/p>\n<p><strong><em>Resumo da novela \u201cA Inf\u00e2ncia de Romeu e Julieta\u201d<\/em><\/strong> em 10\/10: no cap\u00edtulo 112(*) da novela, Trapa\u00e7a pede para F\u00ea Dengosa n\u00e3o contar sobre a verdadeira identidade aos meninos. Trapa\u00e7a diz que vai ficar fora por uma semana, e F\u00ea Dengosa solicita ser l\u00edder tempor\u00e1ria. Mauro est\u00e1 preocupado com a cabe\u00e7a dos filhos em rela\u00e7\u00e3o a ele ter uma namorada. Telma quer saber at\u00e9 quando eles v\u00e3o esconder o caso. Mauro pergunta para Ian se ele acharia legal ter outra m\u00e3e e quer saber o que o filho acha de Telma. Na mesa do jantar, Vitor afirma que, se H\u00e9lio n\u00e3o fosse orgulhoso, ele poderia buscar investimento no CEC com a fam\u00edlia Monteiro. Julieta concorda.<\/p>\n<p>H\u00e9lio refor\u00e7a que a vida inteira Leandro queria ter o terreno do CEC e obriga Vitor a se retirar da mesa. Domitila publica uma nova avalia\u00e7\u00e3o do restaurante do Armaz\u00e9m. Dimitri, Ellen, Ian e Nath encontram com a mulher desorientada. Ela diz que procura um filho desaparecido e que ele se parece com Ian. As crian\u00e7as se comprometem a procurar o menino perdido. Bass\u00e2nio pergunta para Vitor sobre P\u00f3rcia. Vitor responde que eles est\u00e3o se conhecendo melhor e que Fausto deseja que eles namorem. H\u00e9lio agradece aos alunos pela campanha do CEC, mas que, da pr\u00f3xima vez, ele deseja ser consultado.<\/p>\n<p>(*) edi\u00e7\u00e3o das novelas do SBT, \u201cA Inf\u00e2ncia de Romeu e Julieta\u201d, sujeito a altera\u00e7\u00e3o de data e conte\u00fado.<\/p>\n<p>Sinopse \u201cA Inf\u00e2ncia de Romeu e Julieta\u201d: A Trama se passa no bairro chamado castanheiras, em que duas fam\u00edlias com propostas diferentes para esse bairro vivem em disc\u00f3rdia, sendo divididas entre os lados Torre (Campos) e Vila (Monteiro).[6] Entretanto, Romeu (Miguel \u00c2ngelo) e Julieta (Vitt\u00f3ria Seixas) se conhecem, da\u00ed em diante, as fam\u00edlias rivais t\u00eam uma nova oportunidade de trazer paz e uni\u00e3o entre o conv\u00edvio deles. <\/p>\n<p>Romeu e Julieta n\u00e3o sabem como v\u00e3o fazer para ficarem juntos. A not\u00edcia do romance chega \u00e0s fam\u00edlias, que n\u00e3o gostam nada da hist\u00f3ria e tratam de afasta-los imediatamente, aprontando v\u00e1rias situa\u00e7\u00f5es. Romeu e Julieta querem acabar com essa hostilidade e tentam ir atr\u00e1s de uma solu\u00e7\u00e3o, mas ao descobrirem mais sobre a hist\u00f3ria de seus pais, percebem que pode ser imposs\u00edvel.<\/p>\n","protected":false},"excerpt":{"rendered":"<p>Resumo da novela \u201cA Inf\u00e2ncia de Romeu e Julieta\u201d em 10\/10: no cap\u00edtulo 112(*) da novela, Trapa\u00e7a pede para F\u00ea Dengosa n\u00e3o contar sobre a verdadeira identidade aos meninos. Trapa\u00e7a diz que vai ficar fora por uma semana, e F\u00ea Dengosa solicita ser l\u00edder tempor\u00e1ria. Mauro est\u00e1 preocupado com a cabe\u00e7a dos filhos em rela\u00e7\u00e3o [&hellip;]<\/p>\n","protected":false},"author":5,"featured_media":232241,"comment_status":"closed","ping_status":"closed","sticky":false,"template":"","format":"standard","meta":{"tdm_status":"","tdm_grid_status":"","footnotes":""},"categories":[2306,379,2025,372,343],"tags":[441],"class_list":{"0":"post-238059","1":"post","2":"type-post","3":"status-publish","4":"format-standard","5":"has-post-thumbnail","7":"category-novela-romeu-e-julieta","8":"category-novelas","9":"category-resumo","10":"category-sbt","11":"category-televisao","12":"tag-resumo-do-dia"},"_links":{"self":[{"href":"https:\/\/migracao.redenoticia.com.br\/noticia\/wp-json\/wp\/v2\/posts\/238059","targetHints":{"allow":["GET"]}}],"collection":[{"href":"https:\/\/migracao.redenoticia.com.br\/noticia\/wp-json\/wp\/v2\/posts"}],"about":[{"href":"https:\/\/migracao.redenoticia.com.br\/noticia\/wp-json\/wp\/v2\/types\/post"}],"author":[{"embeddable":true,"href":"https:\/\/migracao.redenoticia.com.br\/noticia\/wp-json\/wp\/v2\/users\/5"}],"replies":[{"embeddable":true,"href":"https:\/\/migracao.redenoticia.com.br\/noticia\/wp-json\/wp\/v2\/comments?post=238059"}],"version-history":[{"count":0,"href":"https:\/\/migracao.redenoticia.com.br\/noticia\/wp-json\/wp\/v2\/posts\/238059\/revisions"}],"wp:featuredmedia":[{"embeddable":true,"href":"https:\/\/migracao.redenoticia.com.br\/noticia\/wp-json\/wp\/v2\/media\/232241"}],"wp:attachment":[{"href":"https:\/\/migracao.redenoticia.com.br\/noticia\/wp-json\/wp\/v2\/media?parent=238059"}],"wp:term":[{"taxonomy":"category","embeddable":true,"href":"https:\/\/migracao.redenoticia.com.br\/noticia\/wp-json\/wp\/v2\/categories?post=238059"},{"taxonomy":"post_tag","embeddable":true,"href":"https:\/\/migracao.redenoticia.com.br\/noticia\/wp-json\/wp\/v2\/tags?post=238059"}],"curies":[{"name":"wp","href":"https:\/\/api.w.org\/{rel}","templated":true}]}}