{"id":238098,"date":"2023-10-10T18:49:02","date_gmt":"2023-10-10T21:49:02","guid":{"rendered":"https:\/\/www.redenoticia.com.br\/noticia\/?p=238098"},"modified":"2023-10-10T18:49:02","modified_gmt":"2023-10-10T21:49:02","slug":"resumo-iludida-11-10-derin-finge-que-nao-consegue-andar","status":"publish","type":"post","link":"https:\/\/migracao.redenoticia.com.br\/noticia\/2023\/resumo-iludida-11-10-derin-finge-que-nao-consegue-andar\/238098","title":{"rendered":"Resumo \u201cIludida\u201d 11\/10: Derin finge que n\u00e3o consegue andar"},"content":{"rendered":"<p> <img loading=\"lazy\" decoding=\"async\" class=\"aligncenter size-full wp-image-235992\" src=\"https:\/\/migracao.redenoticia.com.br\/noticia\/imagens\/novela-iludida-logo-resumo-canal-tnt.jpg\" alt=\"\" width=\"1280\" height=\"720\" srcset=\"https:\/\/migracao.redenoticia.com.br\/noticia\/imagens\/novela-iludida-logo-resumo-canal-tnt.jpg 1280w, https:\/\/migracao.redenoticia.com.br\/noticia\/imagens\/novela-iludida-logo-resumo-canal-tnt-250x140.jpg 250w, https:\/\/migracao.redenoticia.com.br\/noticia\/imagens\/novela-iludida-logo-resumo-canal-tnt-400x225.jpg 400w, https:\/\/migracao.redenoticia.com.br\/noticia\/imagens\/novela-iludida-logo-resumo-canal-tnt-768x432.jpg 768w, https:\/\/migracao.redenoticia.com.br\/noticia\/imagens\/novela-iludida-logo-resumo-canal-tnt-150x84.jpg 150w\" sizes=\"auto, (max-width: 1280px) 100vw, 1280px\" \/><\/p>\n<p><strong><em>Resumo da novela \u201cIludida\u201d<\/em><\/strong> em 11\/10: no cap\u00edtulo 078(*) da novela, ap\u00f3s o acidente, Asya come\u00e7a uma nova vida em Istambul com seu filho Ali e Nil. Volkan fica em Tekirdag com Derin, que agora est\u00e1 numa cadeira de rodas. No caminho para o casamento de Bahar e Melih, Asya sofre um grave contratempo. &#8230; O carro que Derin dirigia caiu do penhasco. Asya saiu da \u00e1gua, voltou e desamarrou o cinto de seguran\u00e7a preso de Derin; empurrou-a para fora da \u00e1gua; ela permaneceu abaixo. Quando a tiraram do mar, fizeram uma massagem card\u00edaca. Embora ela n\u00e3o tenha conseguido se recuperar por dias, a not\u00edcia de que as pernas de Derin ficariam sem movimento abalou a fam\u00edlia G\u00fc\u00e7l\u00fc. <\/p>\n<p>Por causa do que Derin disse, sua fam\u00edlia acredita que Asya estava dirigindo o carro e deixou a filha na \u00e1gua. Ela usa suas pernas para amarrar o marido, que est\u00e1 prestes a deix\u00e1-la. Ela disse \u00e0 fam\u00edlia que n\u00e3o poderia viver sem Volkan; Ela diz a Volkan que n\u00e3o pode se recuperar sem ele. Enquanto a agita\u00e7\u00e3o de Derin continua, no final do epis\u00f3dio ficamos sabendo que a menina est\u00e1 mesmo andando e que engana a todos ao esconder isso.<\/p>\n<p>(*) edi\u00e7\u00e3o das novelas da TNT\/HBO, \u201cIludida\u201d, sujeito a altera\u00e7\u00e3o de data e conte\u00fado.<\/p>\n<p>Sinopse &#8220;Iludida&#8221;: Com apenas 37 anos, Asya \u00e9 vice-diretora e m\u00e9dica em um hospital da cidade de Tekirdag. Al\u00e9m de ter uma carreira profissional de sucesso, leva uma vida tranquila com o seu marido Volkan e seu filho Ali. Ela parece ter tudo: um trabalho perfeito, uma casa linda e uma fam\u00edlia feliz. Asya se sente a mulher mais sortuda do mundo, o que mais ela poderia pedir? Tudo na sua vida parecia ser cor-de-rosa, at\u00e9 que ela descobre um cabelo loiro no cachecol do seu marido, o que a transforma em uma pessoa obsessiva e incapaz de confiar nas pessoas ao seu redor. Por\u00e9m, ela n\u00e3o se engana em desconfiar deles: aos poucos, Asya descobre uma rede de mentiras que a leva a perceber que a sua vida n\u00e3o era t\u00e3o perfeita como ela pensava.<\/p>\n","protected":false},"excerpt":{"rendered":"<p>Resumo da novela \u201cIludida\u201d em 11\/10: no cap\u00edtulo 078(*) da novela, ap\u00f3s o acidente, Asya come\u00e7a uma nova vida em Istambul com seu filho Ali e Nil. Volkan fica em Tekirdag com Derin, que agora est\u00e1 numa cadeira de rodas. No caminho para o casamento de Bahar e Melih, Asya sofre um grave contratempo. &#8230; [&hellip;]<\/p>\n","protected":false},"author":2,"featured_media":235991,"comment_status":"closed","ping_status":"closed","sticky":false,"template":"","format":"standard","meta":{"tdm_status":"","tdm_grid_status":"","footnotes":""},"categories":[2317,379,2025,343,2315],"tags":[441],"class_list":{"0":"post-238098","1":"post","2":"type-post","3":"status-publish","4":"format-standard","5":"has-post-thumbnail","7":"category-iludida","8":"category-novelas","9":"category-resumo","10":"category-televisao","11":"category-tnt","12":"tag-resumo-do-dia"},"_links":{"self":[{"href":"https:\/\/migracao.redenoticia.com.br\/noticia\/wp-json\/wp\/v2\/posts\/238098","targetHints":{"allow":["GET"]}}],"collection":[{"href":"https:\/\/migracao.redenoticia.com.br\/noticia\/wp-json\/wp\/v2\/posts"}],"about":[{"href":"https:\/\/migracao.redenoticia.com.br\/noticia\/wp-json\/wp\/v2\/types\/post"}],"author":[{"embeddable":true,"href":"https:\/\/migracao.redenoticia.com.br\/noticia\/wp-json\/wp\/v2\/users\/2"}],"replies":[{"embeddable":true,"href":"https:\/\/migracao.redenoticia.com.br\/noticia\/wp-json\/wp\/v2\/comments?post=238098"}],"version-history":[{"count":0,"href":"https:\/\/migracao.redenoticia.com.br\/noticia\/wp-json\/wp\/v2\/posts\/238098\/revisions"}],"wp:featuredmedia":[{"embeddable":true,"href":"https:\/\/migracao.redenoticia.com.br\/noticia\/wp-json\/wp\/v2\/media\/235991"}],"wp:attachment":[{"href":"https:\/\/migracao.redenoticia.com.br\/noticia\/wp-json\/wp\/v2\/media?parent=238098"}],"wp:term":[{"taxonomy":"category","embeddable":true,"href":"https:\/\/migracao.redenoticia.com.br\/noticia\/wp-json\/wp\/v2\/categories?post=238098"},{"taxonomy":"post_tag","embeddable":true,"href":"https:\/\/migracao.redenoticia.com.br\/noticia\/wp-json\/wp\/v2\/tags?post=238098"}],"curies":[{"name":"wp","href":"https:\/\/api.w.org\/{rel}","templated":true}]}}