{"id":238213,"date":"2023-10-12T14:13:45","date_gmt":"2023-10-12T17:13:45","guid":{"rendered":"https:\/\/www.redenoticia.com.br\/noticia\/?p=238213"},"modified":"2023-10-12T14:13:45","modified_gmt":"2023-10-12T17:13:45","slug":"resumo-iludida-13-10-asya-decide-voltar-para-tekirdag","status":"publish","type":"post","link":"https:\/\/migracao.redenoticia.com.br\/noticia\/2023\/resumo-iludida-13-10-asya-decide-voltar-para-tekirdag\/238213","title":{"rendered":"Resumo \u201cIludida\u201d 13\/10: Asya decide voltar para Tekirdag"},"content":{"rendered":"<p> <img loading=\"lazy\" decoding=\"async\" class=\"aligncenter size-full wp-image-235992\" src=\"https:\/\/migracao.redenoticia.com.br\/noticia\/imagens\/novela-iludida-logo-resumo-canal-tnt.jpg\" alt=\"\" width=\"1280\" height=\"720\" srcset=\"https:\/\/migracao.redenoticia.com.br\/noticia\/imagens\/novela-iludida-logo-resumo-canal-tnt.jpg 1280w, https:\/\/migracao.redenoticia.com.br\/noticia\/imagens\/novela-iludida-logo-resumo-canal-tnt-250x140.jpg 250w, https:\/\/migracao.redenoticia.com.br\/noticia\/imagens\/novela-iludida-logo-resumo-canal-tnt-400x225.jpg 400w, https:\/\/migracao.redenoticia.com.br\/noticia\/imagens\/novela-iludida-logo-resumo-canal-tnt-768x432.jpg 768w, https:\/\/migracao.redenoticia.com.br\/noticia\/imagens\/novela-iludida-logo-resumo-canal-tnt-150x84.jpg 150w\" sizes=\"auto, (max-width: 1280px) 100vw, 1280px\" \/><\/p>\n<p><strong><em>Resumo da novela \u201cIludida\u201d<\/em><\/strong> em 13\/10: no cap\u00edtulo 080(*) da novela, Asya pergunta ao filho se ele quer voltar para Terkidag. Quando Ali diz que est\u00e1 feliz com Istambul, n\u00e3o pode insistir. Ali culpa o pai pelo que aconteceu com a m\u00e3e ap\u00f3s o acidente e n\u00e3o fala com ele. Os esfor\u00e7os de Volkan para abordar seu filho continuam infrut\u00edferos. Selin envia um v\u00eddeo para Asya, ela v\u00ea Ali sendo torturado. A mulher fica chocada, Volkan vai at\u00e9 ela e a v\u00ea.<\/p>\n<p>Depois do que aconteceu com Ali, Asya decide voltar para Tekirdag. Quando ela se muda, Volkan lamenta sua decis\u00e3o sobre a casa. E o homem cuja vida foi salva por Asya n\u00e3o consegue se lembrar de mais ningu\u00e9m al\u00e9m dela. &#8230; Asya e Volkan conversam com os filhos depois de assistir ao v\u00eddeo. Apesar de tudo, Ali diz que quer ficar em Istambul porque sua m\u00e3e est\u00e1 feliz, mas Asya organiza tudo e muda a casa e a escola de volta para Tekirdag. Ela volta a trabalhar no hospital, desta vez como m\u00e9dica emergencista. Asya, pai e filho que n\u00e3o se d\u00e3o bem, tenta salvar o filho e convida Volkan para o primeiro jantar. <\/p>\n<p>Volcan estava prestes a vender a casa e se mudar para Istambul. Seus planos foram interrompidos quando Asya voltou. Quando a casa \u00e9 vendida com procura\u00e7\u00e3o dada pelo corretor de im\u00f3veis, ele tenta compr\u00e1-la de volta. Ele tenta cancelar o emprego que encontrou em Istambul e retomar a casa. Mas o comprador quer o dobro do dinheiro para vend\u00ea-la. Volkan est\u00e1 indefeso. Pelas conversas do corretor de im\u00f3veis, quem comprou foi G\u00f6n\u00fcl G\u00fc\u00e7l\u00fc. <\/p>\n<p>(*) edi\u00e7\u00e3o das novelas da TNT\/HBO, \u201cIludida\u201d, sujeito a altera\u00e7\u00e3o de data e conte\u00fado.<\/p>\n<p>Sinopse &#8220;Iludida&#8221;: Com apenas 37 anos, Asya \u00e9 vice-diretora e m\u00e9dica em um hospital da cidade de Tekirdag. Al\u00e9m de ter uma carreira profissional de sucesso, leva uma vida tranquila com o seu marido Volkan e seu filho Ali. Ela parece ter tudo: um trabalho perfeito, uma casa linda e uma fam\u00edlia feliz. Asya se sente a mulher mais sortuda do mundo, o que mais ela poderia pedir? Tudo na sua vida parecia ser cor-de-rosa, at\u00e9 que ela descobre um cabelo loiro no cachecol do seu marido, o que a transforma em uma pessoa obsessiva e incapaz de confiar nas pessoas ao seu redor. Por\u00e9m, ela n\u00e3o se engana em desconfiar deles: aos poucos, Asya descobre uma rede de mentiras que a leva a perceber que a sua vida n\u00e3o era t\u00e3o perfeita como ela pensava.<\/p>\n","protected":false},"excerpt":{"rendered":"<p>Resumo da novela \u201cIludida\u201d em 13\/10: no cap\u00edtulo 080(*) da novela, Asya pergunta ao filho se ele quer voltar para Terkidag. Quando Ali diz que est\u00e1 feliz com Istambul, n\u00e3o pode insistir. Ali culpa o pai pelo que aconteceu com a m\u00e3e ap\u00f3s o acidente e n\u00e3o fala com ele. Os esfor\u00e7os de Volkan para [&hellip;]<\/p>\n","protected":false},"author":4,"featured_media":235991,"comment_status":"closed","ping_status":"closed","sticky":false,"template":"","format":"standard","meta":{"tdm_status":"","tdm_grid_status":"","footnotes":""},"categories":[2317,379,2025,343,2315],"tags":[441],"class_list":{"0":"post-238213","1":"post","2":"type-post","3":"status-publish","4":"format-standard","5":"has-post-thumbnail","7":"category-iludida","8":"category-novelas","9":"category-resumo","10":"category-televisao","11":"category-tnt","12":"tag-resumo-do-dia"},"_links":{"self":[{"href":"https:\/\/migracao.redenoticia.com.br\/noticia\/wp-json\/wp\/v2\/posts\/238213","targetHints":{"allow":["GET"]}}],"collection":[{"href":"https:\/\/migracao.redenoticia.com.br\/noticia\/wp-json\/wp\/v2\/posts"}],"about":[{"href":"https:\/\/migracao.redenoticia.com.br\/noticia\/wp-json\/wp\/v2\/types\/post"}],"author":[{"embeddable":true,"href":"https:\/\/migracao.redenoticia.com.br\/noticia\/wp-json\/wp\/v2\/users\/4"}],"replies":[{"embeddable":true,"href":"https:\/\/migracao.redenoticia.com.br\/noticia\/wp-json\/wp\/v2\/comments?post=238213"}],"version-history":[{"count":0,"href":"https:\/\/migracao.redenoticia.com.br\/noticia\/wp-json\/wp\/v2\/posts\/238213\/revisions"}],"wp:featuredmedia":[{"embeddable":true,"href":"https:\/\/migracao.redenoticia.com.br\/noticia\/wp-json\/wp\/v2\/media\/235991"}],"wp:attachment":[{"href":"https:\/\/migracao.redenoticia.com.br\/noticia\/wp-json\/wp\/v2\/media?parent=238213"}],"wp:term":[{"taxonomy":"category","embeddable":true,"href":"https:\/\/migracao.redenoticia.com.br\/noticia\/wp-json\/wp\/v2\/categories?post=238213"},{"taxonomy":"post_tag","embeddable":true,"href":"https:\/\/migracao.redenoticia.com.br\/noticia\/wp-json\/wp\/v2\/tags?post=238213"}],"curies":[{"name":"wp","href":"https:\/\/api.w.org\/{rel}","templated":true}]}}