{"id":238224,"date":"2023-10-13T17:56:40","date_gmt":"2023-10-13T20:56:40","guid":{"rendered":"https:\/\/www.redenoticia.com.br\/noticia\/?p=238224"},"modified":"2023-10-13T17:56:40","modified_gmt":"2023-10-13T20:56:40","slug":"resumo-terra-e-paixao-14-10-irene-flagra-marino-e-graca-juntos","status":"publish","type":"post","link":"https:\/\/migracao.redenoticia.com.br\/noticia\/2023\/resumo-terra-e-paixao-14-10-irene-flagra-marino-e-graca-juntos\/238224","title":{"rendered":"Resumo &#8220;Terra e Paix\u00e3o&#8221; 14\/10: Irene flagra Marino e Gra\u00e7a juntos"},"content":{"rendered":"<p> <img loading=\"lazy\" decoding=\"async\" src=\"https:\/\/migracao.redenoticia.com.br\/noticia\/imagens\/novela-terra-e-paixao-resumo.jpg\" alt=\"\" width=\"1280\" height=\"720\" class=\"aligncenter size-full wp-image-231930\" srcset=\"https:\/\/migracao.redenoticia.com.br\/noticia\/imagens\/novela-terra-e-paixao-resumo.jpg 1280w, https:\/\/migracao.redenoticia.com.br\/noticia\/imagens\/novela-terra-e-paixao-resumo-250x140.jpg 250w, https:\/\/migracao.redenoticia.com.br\/noticia\/imagens\/novela-terra-e-paixao-resumo-400x225.jpg 400w, https:\/\/migracao.redenoticia.com.br\/noticia\/imagens\/novela-terra-e-paixao-resumo-768x432.jpg 768w, https:\/\/migracao.redenoticia.com.br\/noticia\/imagens\/novela-terra-e-paixao-resumo-150x84.jpg 150w\" sizes=\"auto, (max-width: 1280px) 100vw, 1280px\" \/> <\/p>\n<p><strong><em>Resumo da novela &#8220;Terra e Paix\u00e3o&#8221;<\/em><\/strong> em 14\/10: no cap\u00edtulo 136(*) da novela, Caio faz quest\u00e3o de ajudar Aline com a mudan\u00e7a. Luigi faz uma surpresa para Petra antes de a mulher ir para cl\u00ednica, e a leva na aldeia para encontrar H\u00e9lio e Caio, e ser aben\u00e7oada por Jurec\u00ea. Agatha avisa a Gra\u00e7a que j\u00e1 sabe do segredo da jovem com Marino. Lucinda consegue emprego para Anely na sorveteria do irm\u00e3o de Silvia. <\/p>\n<p>Agatha avisa a Irene que ela e Ant\u00f4nio est\u00e3o sendo enganados por Gra\u00e7a. Gladys flagra Tadeu com Berenice e Enzo no quarto dela no bar. Rodrigo avisa a Aline e Caio que Ant\u00f4nio ter\u00e1 que parar com a extra\u00e7\u00e3o de diamantes at\u00e9 o fim do processo. Marino recebe uma mensagem no celular dizendo que o filho dele corre risco de morte. Irene flagra Marino e Gra\u00e7a juntos e pergunta a Marino se Danielzinho \u00e9 filho dele.<\/p>\n<p>(*) edi\u00e7\u00e3o das novelas da Globo, &#8220;Terra e Paix\u00e3o&#8221;, sujeito a altera\u00e7\u00e3o de data e conte\u00fado.<\/p>\n<p>Sinopse &#8220;Terra e Paix\u00e3o&#8221;: Aline vive ao lado do marido Samuel e do filho Jo\u00e3o. Ap\u00f3s um atentado em sua casa, v\u00ea-se sozinha com o menino diante das terras deixadas pelo marido. Aline aprende a plantar com a ajuda de Jonatas, um amigo fiel. Al\u00e9m de contar com ele, tem ao seu lado sua m\u00e3e. Aline se aproxima dos irm\u00e3os Caio e Daniel, filhos do poderoso fazendeiro Ant\u00f4nio, com quem precisa brigar para manter suas terras. Ao lado dos dois rapazes, descobre sentimentos novos. Ant\u00f4nio La Selva \u00e9 casado com Irene com quem tem dois filhos, Daniel e Petra. Ele foi muito apaixonado por Agatha, com quem teve Caio, e culpa o rapaz pela morte da m\u00e3e no pr\u00e9-parto. <\/p>\n","protected":false},"excerpt":{"rendered":"<p>Resumo da novela &#8220;Terra e Paix\u00e3o&#8221; em 14\/10: no cap\u00edtulo 136(*) da novela, Caio faz quest\u00e3o de ajudar Aline com a mudan\u00e7a. Luigi faz uma surpresa para Petra antes de a mulher ir para cl\u00ednica, e a leva na aldeia para encontrar H\u00e9lio e Caio, e ser aben\u00e7oada por Jurec\u00ea. Agatha avisa a Gra\u00e7a que [&hellip;]<\/p>\n","protected":false},"author":2,"featured_media":231928,"comment_status":"closed","ping_status":"closed","sticky":false,"template":"","format":"standard","meta":{"tdm_status":"","tdm_grid_status":"","footnotes":""},"categories":[379,375,2025,343,2305],"tags":[441],"class_list":{"0":"post-238224","1":"post","2":"type-post","3":"status-publish","4":"format-standard","5":"has-post-thumbnail","7":"category-novelas","8":"category-rede-globo","9":"category-resumo","10":"category-televisao","11":"category-terra-e-paixao","12":"tag-resumo-do-dia"},"_links":{"self":[{"href":"https:\/\/migracao.redenoticia.com.br\/noticia\/wp-json\/wp\/v2\/posts\/238224","targetHints":{"allow":["GET"]}}],"collection":[{"href":"https:\/\/migracao.redenoticia.com.br\/noticia\/wp-json\/wp\/v2\/posts"}],"about":[{"href":"https:\/\/migracao.redenoticia.com.br\/noticia\/wp-json\/wp\/v2\/types\/post"}],"author":[{"embeddable":true,"href":"https:\/\/migracao.redenoticia.com.br\/noticia\/wp-json\/wp\/v2\/users\/2"}],"replies":[{"embeddable":true,"href":"https:\/\/migracao.redenoticia.com.br\/noticia\/wp-json\/wp\/v2\/comments?post=238224"}],"version-history":[{"count":0,"href":"https:\/\/migracao.redenoticia.com.br\/noticia\/wp-json\/wp\/v2\/posts\/238224\/revisions"}],"wp:featuredmedia":[{"embeddable":true,"href":"https:\/\/migracao.redenoticia.com.br\/noticia\/wp-json\/wp\/v2\/media\/231928"}],"wp:attachment":[{"href":"https:\/\/migracao.redenoticia.com.br\/noticia\/wp-json\/wp\/v2\/media?parent=238224"}],"wp:term":[{"taxonomy":"category","embeddable":true,"href":"https:\/\/migracao.redenoticia.com.br\/noticia\/wp-json\/wp\/v2\/categories?post=238224"},{"taxonomy":"post_tag","embeddable":true,"href":"https:\/\/migracao.redenoticia.com.br\/noticia\/wp-json\/wp\/v2\/tags?post=238224"}],"curies":[{"name":"wp","href":"https:\/\/api.w.org\/{rel}","templated":true}]}}