{"id":238303,"date":"2023-10-15T10:40:19","date_gmt":"2023-10-15T13:40:19","guid":{"rendered":"https:\/\/www.redenoticia.com.br\/noticia\/?p=238303"},"modified":"2023-10-15T10:40:19","modified_gmt":"2023-10-15T13:40:19","slug":"resumo-a-infancia-de-romeu-e-julieta-16-10-rosalina-e-karen-questionam-romeu","status":"publish","type":"post","link":"https:\/\/migracao.redenoticia.com.br\/noticia\/2023\/resumo-a-infancia-de-romeu-e-julieta-16-10-rosalina-e-karen-questionam-romeu\/238303","title":{"rendered":"Resumo \u201cA Inf\u00e2ncia de Romeu e Julieta\u201d 16\/10: Rosalina e Karen questionam Romeu"},"content":{"rendered":"<p> <img loading=\"lazy\" decoding=\"async\" src=\"https:\/\/migracao.redenoticia.com.br\/noticia\/imagens\/novela-romeu-e-julieta-sbt-elenco-resumo.jpg\" alt=\"\" width=\"1280\" height=\"720\" class=\"aligncenter size-full wp-image-232242\" srcset=\"https:\/\/migracao.redenoticia.com.br\/noticia\/imagens\/novela-romeu-e-julieta-sbt-elenco-resumo.jpg 1280w, https:\/\/migracao.redenoticia.com.br\/noticia\/imagens\/novela-romeu-e-julieta-sbt-elenco-resumo-250x140.jpg 250w, https:\/\/migracao.redenoticia.com.br\/noticia\/imagens\/novela-romeu-e-julieta-sbt-elenco-resumo-400x225.jpg 400w, https:\/\/migracao.redenoticia.com.br\/noticia\/imagens\/novela-romeu-e-julieta-sbt-elenco-resumo-768x432.jpg 768w, https:\/\/migracao.redenoticia.com.br\/noticia\/imagens\/novela-romeu-e-julieta-sbt-elenco-resumo-150x84.jpg 150w\" sizes=\"auto, (max-width: 1280px) 100vw, 1280px\" \/><\/p>\n<p><strong><em>Resumo da novela \u201cA Inf\u00e2ncia de Romeu e Julieta\u201d<\/em><\/strong> em 16\/10: no cap\u00edtulo 116(*) da novela, Vera pergunta para Telma se ela \u00e9 muito amiga dos Campos e sobre a amizade de L\u00edvia e Julieta. Telma responde que tem uma pequena rela\u00e7\u00e3o com H\u00e9lio por trabalhar no CEC e que Julieta \u00e9 educada, amorosa e \u00f3tima amiga para a filha. Leandro v\u00ea um v\u00eddeo na internet de Nando e Romeu falando sobre a import\u00e2ncia do CEC. Na frente de L\u00edvia e Sofia, Alex pede desculpa para Julieta por ofender H\u00e9lio. Nando revela \u00e0 Ellen, Ian e Nath que Dimitri faz anivers\u00e1rio e todo mundo esqueceu. H\u00e9lio atende o telefone e escuta que um investidor foi at\u00e9 a subprefeitura, fez um acordo e quitou as d\u00edvidas do CEC, ele revela \u00e0 fam\u00edlia que Leandro Monteiro foi o respons\u00e1vel. O CEC n\u00e3o vai fechar, mas H\u00e9lio fica preocupado, achando que Leandro vai expuls\u00e1-lo e tomar o terreno, local que h\u00e1 anos Leandro deseja. <\/p>\n<p>Rosalina e Karen questionam Romeu de continuar apoiando o CEC mesmo Vera proibindo. Leandro aparece no CEC para conversar com H\u00e9lio e esclarece que a institui\u00e7\u00e3o precisa de um gestor e n\u00e3o um treinador esportivo. Leandro declara que a subprefeitura pediu para que H\u00e9lio continuasse, n\u00e3o por m\u00e9rito pr\u00f3prio, mas pelos v\u00eddeos que as crian\u00e7as fizeram elogiando o CEC. Dimitri ganha uma festa surpresa no Armaz\u00e9m feita pelos amigos. Leandro fala para H\u00e9lio que n\u00e3o pode mand\u00e1-lo embora, mas que ele pode pedir as contas. Chilique, F\u00ea Dengosa e Muke encontram Trapa\u00e7a na escola. Telma faz brigadeiro e entrega para Alex, ela elogia o garoto em busca de conquist\u00e1-lo como futuro enteado; Alex nem d\u00e1 bola e pergunta se ela e Mauro est\u00e3o namorando. Alex fala que Mauro teve v\u00e1rias namoradas e que n\u00e3o ficou muito tempo com elas.<\/p>\n<p>(*) edi\u00e7\u00e3o das novelas do SBT, \u201cA Inf\u00e2ncia de Romeu e Julieta\u201d, sujeito a altera\u00e7\u00e3o de data e conte\u00fado.<\/p>\n<p>Sinopse \u201cA Inf\u00e2ncia de Romeu e Julieta\u201d: A Trama se passa no bairro chamado castanheiras, em que duas fam\u00edlias com propostas diferentes para esse bairro vivem em disc\u00f3rdia, sendo divididas entre os lados Torre (Campos) e Vila (Monteiro).[6] Entretanto, Romeu (Miguel \u00c2ngelo) e Julieta (Vitt\u00f3ria Seixas) se conhecem, da\u00ed em diante, as fam\u00edlias rivais t\u00eam uma nova oportunidade de trazer paz e uni\u00e3o entre o conv\u00edvio deles. <\/p>\n<p>Romeu e Julieta n\u00e3o sabem como v\u00e3o fazer para ficarem juntos. A not\u00edcia do romance chega \u00e0s fam\u00edlias, que n\u00e3o gostam nada da hist\u00f3ria e tratam de afasta-los imediatamente, aprontando v\u00e1rias situa\u00e7\u00f5es. Romeu e Julieta querem acabar com essa hostilidade e tentam ir atr\u00e1s de uma solu\u00e7\u00e3o, mas ao descobrirem mais sobre a hist\u00f3ria de seus pais, percebem que pode ser imposs\u00edvel.<\/p>\n","protected":false},"excerpt":{"rendered":"<p>Resumo da novela \u201cA Inf\u00e2ncia de Romeu e Julieta\u201d em 16\/10: no cap\u00edtulo 116(*) da novela, Vera pergunta para Telma se ela \u00e9 muito amiga dos Campos e sobre a amizade de L\u00edvia e Julieta. Telma responde que tem uma pequena rela\u00e7\u00e3o com H\u00e9lio por trabalhar no CEC e que Julieta \u00e9 educada, amorosa e [&hellip;]<\/p>\n","protected":false},"author":5,"featured_media":232241,"comment_status":"closed","ping_status":"closed","sticky":false,"template":"","format":"standard","meta":{"tdm_status":"","tdm_grid_status":"","footnotes":""},"categories":[2306,379,2025,372,343],"tags":[441],"class_list":{"0":"post-238303","1":"post","2":"type-post","3":"status-publish","4":"format-standard","5":"has-post-thumbnail","7":"category-novela-romeu-e-julieta","8":"category-novelas","9":"category-resumo","10":"category-sbt","11":"category-televisao","12":"tag-resumo-do-dia"},"_links":{"self":[{"href":"https:\/\/migracao.redenoticia.com.br\/noticia\/wp-json\/wp\/v2\/posts\/238303","targetHints":{"allow":["GET"]}}],"collection":[{"href":"https:\/\/migracao.redenoticia.com.br\/noticia\/wp-json\/wp\/v2\/posts"}],"about":[{"href":"https:\/\/migracao.redenoticia.com.br\/noticia\/wp-json\/wp\/v2\/types\/post"}],"author":[{"embeddable":true,"href":"https:\/\/migracao.redenoticia.com.br\/noticia\/wp-json\/wp\/v2\/users\/5"}],"replies":[{"embeddable":true,"href":"https:\/\/migracao.redenoticia.com.br\/noticia\/wp-json\/wp\/v2\/comments?post=238303"}],"version-history":[{"count":0,"href":"https:\/\/migracao.redenoticia.com.br\/noticia\/wp-json\/wp\/v2\/posts\/238303\/revisions"}],"wp:featuredmedia":[{"embeddable":true,"href":"https:\/\/migracao.redenoticia.com.br\/noticia\/wp-json\/wp\/v2\/media\/232241"}],"wp:attachment":[{"href":"https:\/\/migracao.redenoticia.com.br\/noticia\/wp-json\/wp\/v2\/media?parent=238303"}],"wp:term":[{"taxonomy":"category","embeddable":true,"href":"https:\/\/migracao.redenoticia.com.br\/noticia\/wp-json\/wp\/v2\/categories?post=238303"},{"taxonomy":"post_tag","embeddable":true,"href":"https:\/\/migracao.redenoticia.com.br\/noticia\/wp-json\/wp\/v2\/tags?post=238303"}],"curies":[{"name":"wp","href":"https:\/\/api.w.org\/{rel}","templated":true}]}}