{"id":238322,"date":"2023-10-16T14:35:16","date_gmt":"2023-10-16T17:35:16","guid":{"rendered":"https:\/\/www.redenoticia.com.br\/noticia\/?p=238322"},"modified":"2023-10-16T14:35:16","modified_gmt":"2023-10-16T17:35:16","slug":"resumo-iludida-17-10-um-homem-chamado-kadir-vigia-aras","status":"publish","type":"post","link":"https:\/\/migracao.redenoticia.com.br\/noticia\/2023\/resumo-iludida-17-10-um-homem-chamado-kadir-vigia-aras\/238322","title":{"rendered":"Resumo \u201cIludida\u201d 17\/10: Um homem chamado Kadir vigia Aras"},"content":{"rendered":"<p> <img loading=\"lazy\" decoding=\"async\" class=\"aligncenter size-full wp-image-235992\" src=\"https:\/\/migracao.redenoticia.com.br\/noticia\/imagens\/novela-iludida-logo-resumo-canal-tnt.jpg\" alt=\"\" width=\"1280\" height=\"720\" srcset=\"https:\/\/migracao.redenoticia.com.br\/noticia\/imagens\/novela-iludida-logo-resumo-canal-tnt.jpg 1280w, https:\/\/migracao.redenoticia.com.br\/noticia\/imagens\/novela-iludida-logo-resumo-canal-tnt-250x140.jpg 250w, https:\/\/migracao.redenoticia.com.br\/noticia\/imagens\/novela-iludida-logo-resumo-canal-tnt-400x225.jpg 400w, https:\/\/migracao.redenoticia.com.br\/noticia\/imagens\/novela-iludida-logo-resumo-canal-tnt-768x432.jpg 768w, https:\/\/migracao.redenoticia.com.br\/noticia\/imagens\/novela-iludida-logo-resumo-canal-tnt-150x84.jpg 150w\" sizes=\"auto, (max-width: 1280px) 100vw, 1280px\" \/><\/p>\n<p><strong><em>Resumo da novela \u201cIludida\u201d<\/em><\/strong> em 17\/10: no cap\u00edtulo 082(*) da novela, Para restaurar a mem\u00f3ria do homem que Asya salvou, ela recebe ideias do amigo psic\u00f3logo e trata do homem, a quem visita com frequ\u00eancia. Quando ela pesquisa uma palavra que o homem disse durante o acidente, descobre que \u00e9 um poema e l\u00ea para o homem, a mem\u00f3ria do homem volta. Enquanto o homem est\u00e1 no hospital, algu\u00e9m invade seu quarto tentando encontr\u00e1-lo. Ele come\u00e7a a assistir sem revelar nada ao homem que n\u00e3o o conhece. Ele descobre que ele e Asya conversam com frequ\u00eancia e s\u00e3o sinceros. Ele liga para algu\u00e9m e diz: \u201cEncontrei Aras\u201d e relata.<\/p>\n<p>Derin avisa Asya sobre Volkan. Bahar e G\u00f6n\u00fcl brigam por causa da presen\u00e7a de Asya no casamento e Derin tem uma surpresa para Volkan, que muda de ideia sobre a compra da casa. &#8230; Aras come\u00e7a a se lembrar de algo. Ele compartilha sua alegria abra\u00e7ando Asya ao lado dele. Um homem chamado Kadir, que conhece e vigia Aras, conta a outra pessoa o que aconteceu. Derya conhece Kadir, que est\u00e1 espionando Aras. Ele se apresenta como representante m\u00e9dico. Derya gosta de seus elogios e aten\u00e7\u00e3o. H\u00e1 um exame das roupas de Aras no local do acidente. Eles n\u00e3o conseguem encontrar nada em suas impress\u00f5es digitais. N\u00e3o h\u00e1 identifica\u00e7\u00e3o de carteira com ele, mas eles encontram uma chave. Asya pega a chave para perguntar ao chaveiro. O serralheiro pergunta a outra pessoa. O n\u00famero do chassi do carro tamb\u00e9m foi adulterado. A pol\u00edcia questiona Aras, mas o homem n\u00e3o se lembra de nada. <\/p>\n<p>(*) edi\u00e7\u00e3o das novelas da TNT\/HBO, \u201cIludida\u201d, sujeito a altera\u00e7\u00e3o de data e conte\u00fado.<\/p>\n<p>Sinopse &#8220;Iludida&#8221;: Com apenas 37 anos, Asya \u00e9 vice-diretora e m\u00e9dica em um hospital da cidade de Tekirdag. Al\u00e9m de ter uma carreira profissional de sucesso, leva uma vida tranquila com o seu marido Volkan e seu filho Ali. Ela parece ter tudo: um trabalho perfeito, uma casa linda e uma fam\u00edlia feliz. Asya se sente a mulher mais sortuda do mundo, o que mais ela poderia pedir? Tudo na sua vida parecia ser cor-de-rosa, at\u00e9 que ela descobre um cabelo loiro no cachecol do seu marido, o que a transforma em uma pessoa obsessiva e incapaz de confiar nas pessoas ao seu redor. Por\u00e9m, ela n\u00e3o se engana em desconfiar deles: aos poucos, Asya descobre uma rede de mentiras que a leva a perceber que a sua vida n\u00e3o era t\u00e3o perfeita como ela pensava.<\/p>\n","protected":false},"excerpt":{"rendered":"<p>Resumo da novela \u201cIludida\u201d em 17\/10: no cap\u00edtulo 082(*) da novela, Para restaurar a mem\u00f3ria do homem que Asya salvou, ela recebe ideias do amigo psic\u00f3logo e trata do homem, a quem visita com frequ\u00eancia. Quando ela pesquisa uma palavra que o homem disse durante o acidente, descobre que \u00e9 um poema e l\u00ea para [&hellip;]<\/p>\n","protected":false},"author":3,"featured_media":235991,"comment_status":"closed","ping_status":"closed","sticky":false,"template":"","format":"standard","meta":{"tdm_status":"","tdm_grid_status":"","footnotes":""},"categories":[2317,379,2025,343,2315],"tags":[441],"class_list":{"0":"post-238322","1":"post","2":"type-post","3":"status-publish","4":"format-standard","5":"has-post-thumbnail","7":"category-iludida","8":"category-novelas","9":"category-resumo","10":"category-televisao","11":"category-tnt","12":"tag-resumo-do-dia"},"_links":{"self":[{"href":"https:\/\/migracao.redenoticia.com.br\/noticia\/wp-json\/wp\/v2\/posts\/238322","targetHints":{"allow":["GET"]}}],"collection":[{"href":"https:\/\/migracao.redenoticia.com.br\/noticia\/wp-json\/wp\/v2\/posts"}],"about":[{"href":"https:\/\/migracao.redenoticia.com.br\/noticia\/wp-json\/wp\/v2\/types\/post"}],"author":[{"embeddable":true,"href":"https:\/\/migracao.redenoticia.com.br\/noticia\/wp-json\/wp\/v2\/users\/3"}],"replies":[{"embeddable":true,"href":"https:\/\/migracao.redenoticia.com.br\/noticia\/wp-json\/wp\/v2\/comments?post=238322"}],"version-history":[{"count":0,"href":"https:\/\/migracao.redenoticia.com.br\/noticia\/wp-json\/wp\/v2\/posts\/238322\/revisions"}],"wp:featuredmedia":[{"embeddable":true,"href":"https:\/\/migracao.redenoticia.com.br\/noticia\/wp-json\/wp\/v2\/media\/235991"}],"wp:attachment":[{"href":"https:\/\/migracao.redenoticia.com.br\/noticia\/wp-json\/wp\/v2\/media?parent=238322"}],"wp:term":[{"taxonomy":"category","embeddable":true,"href":"https:\/\/migracao.redenoticia.com.br\/noticia\/wp-json\/wp\/v2\/categories?post=238322"},{"taxonomy":"post_tag","embeddable":true,"href":"https:\/\/migracao.redenoticia.com.br\/noticia\/wp-json\/wp\/v2\/tags?post=238322"}],"curies":[{"name":"wp","href":"https:\/\/api.w.org\/{rel}","templated":true}]}}