{"id":238453,"date":"2023-10-19T18:13:34","date_gmt":"2023-10-19T21:13:34","guid":{"rendered":"https:\/\/www.redenoticia.com.br\/noticia\/?p=238453"},"modified":"2023-10-19T18:13:34","modified_gmt":"2023-10-19T21:13:34","slug":"resumo-a-infancia-de-romeu-e-julieta-20-10-fausto-encontra-o-diario-da-porcia","status":"publish","type":"post","link":"https:\/\/migracao.redenoticia.com.br\/noticia\/2023\/resumo-a-infancia-de-romeu-e-julieta-20-10-fausto-encontra-o-diario-da-porcia\/238453","title":{"rendered":"Resumo \u201cA Inf\u00e2ncia de Romeu e Julieta\u201d 20\/10: Fausto encontra o di\u00e1rio da P\u00f3rcia"},"content":{"rendered":"<p> <img loading=\"lazy\" decoding=\"async\" src=\"https:\/\/migracao.redenoticia.com.br\/noticia\/imagens\/novela-romeu-e-julieta-sbt-elenco-resumo.jpg\" alt=\"\" width=\"1280\" height=\"720\" class=\"aligncenter size-full wp-image-232242\" srcset=\"https:\/\/migracao.redenoticia.com.br\/noticia\/imagens\/novela-romeu-e-julieta-sbt-elenco-resumo.jpg 1280w, https:\/\/migracao.redenoticia.com.br\/noticia\/imagens\/novela-romeu-e-julieta-sbt-elenco-resumo-250x140.jpg 250w, https:\/\/migracao.redenoticia.com.br\/noticia\/imagens\/novela-romeu-e-julieta-sbt-elenco-resumo-400x225.jpg 400w, https:\/\/migracao.redenoticia.com.br\/noticia\/imagens\/novela-romeu-e-julieta-sbt-elenco-resumo-768x432.jpg 768w, https:\/\/migracao.redenoticia.com.br\/noticia\/imagens\/novela-romeu-e-julieta-sbt-elenco-resumo-150x84.jpg 150w\" sizes=\"auto, (max-width: 1280px) 100vw, 1280px\" \/><\/p>\n<p><strong><em>Resumo da novela \u201cA Inf\u00e2ncia de Romeu e Julieta\u201d<\/em><\/strong> em 20\/10: no cap\u00edtulo 120(*) da novela, na sorveteria, Alex admite para L\u00edvia que gosta dela. Alex diz que sabe que L\u00edvia tamb\u00e9m gosta dele, mas que est\u00e1 se fazendo de dif\u00edcil. L\u00edvia declara que para rolar algo entre eles, Alex deve ir para o Lado Vila, mas ele afirma que jamais faria isso. Enzo avisa H\u00e9lio que agora fica na frente do CEC por ordem do Leandro. Glaucia e Fred pedem para Nando sugest\u00f5es de implementa\u00e7\u00e3o tecnol\u00f3gica no CEC. Bass\u00e2nio quer saber de P\u00f3rcia se ela gosta mesmo de Vitor; Bass\u00e2nio diz que Vitor n\u00e3o \u00e9 confi\u00e1vel. <\/p>\n<p>Fausto encontra o di\u00e1rio da P\u00f3rcia. Ian trata Telma de forma estranha. Sim\u00e3o visita a Monter Holding e se apresenta para Glaucia e Fred como investidor no ramo da tecnologia. Domitila faz uma terceira cr\u00edtica do Armaz\u00e9m, desta vez, positiva. Daniel n\u00e3o acha a avalia\u00e7\u00e3o justa, j\u00e1 que n\u00e3o fez nada profissionalmente para conseguir boas cr\u00edticas; ele fica incomodado e deseja falar com Domitila. Sim\u00e3o prop\u00f5e aplicativo do CEC. Sim\u00e3o fecha neg\u00f3cio com Glaucia e Fred. Trapa\u00e7a joga baratas no esconderijo do Pedalzera. Julieta vai atr\u00e1s de Romeu no Boulevard Verona, Karen aparece e Romeu ajuda Julieta a se esconder para n\u00e3o receber um castigo.<\/p>\n<p>(*) edi\u00e7\u00e3o das novelas do SBT, \u201cA Inf\u00e2ncia de Romeu e Julieta\u201d, sujeito a altera\u00e7\u00e3o de data e conte\u00fado.<\/p>\n<p>Sinopse \u201cA Inf\u00e2ncia de Romeu e Julieta\u201d: A Trama se passa no bairro chamado castanheiras, em que duas fam\u00edlias com propostas diferentes para esse bairro vivem em disc\u00f3rdia, sendo divididas entre os lados Torre (Campos) e Vila (Monteiro).[6] Entretanto, Romeu (Miguel \u00c2ngelo) e Julieta (Vitt\u00f3ria Seixas) se conhecem, da\u00ed em diante, as fam\u00edlias rivais t\u00eam uma nova oportunidade de trazer paz e uni\u00e3o entre o conv\u00edvio deles. <\/p>\n<p>Romeu e Julieta n\u00e3o sabem como v\u00e3o fazer para ficarem juntos. A not\u00edcia do romance chega \u00e0s fam\u00edlias, que n\u00e3o gostam nada da hist\u00f3ria e tratam de afasta-los imediatamente, aprontando v\u00e1rias situa\u00e7\u00f5es. Romeu e Julieta querem acabar com essa hostilidade e tentam ir atr\u00e1s de uma solu\u00e7\u00e3o, mas ao descobrirem mais sobre a hist\u00f3ria de seus pais, percebem que pode ser imposs\u00edvel.<\/p>\n","protected":false},"excerpt":{"rendered":"<p>Resumo da novela \u201cA Inf\u00e2ncia de Romeu e Julieta\u201d em 20\/10: no cap\u00edtulo 120(*) da novela, na sorveteria, Alex admite para L\u00edvia que gosta dela. Alex diz que sabe que L\u00edvia tamb\u00e9m gosta dele, mas que est\u00e1 se fazendo de dif\u00edcil. L\u00edvia declara que para rolar algo entre eles, Alex deve ir para o Lado [&hellip;]<\/p>\n","protected":false},"author":3,"featured_media":232241,"comment_status":"closed","ping_status":"closed","sticky":false,"template":"","format":"standard","meta":{"tdm_status":"","tdm_grid_status":"","footnotes":""},"categories":[2306,379,2025,372,343],"tags":[441],"class_list":{"0":"post-238453","1":"post","2":"type-post","3":"status-publish","4":"format-standard","5":"has-post-thumbnail","7":"category-novela-romeu-e-julieta","8":"category-novelas","9":"category-resumo","10":"category-sbt","11":"category-televisao","12":"tag-resumo-do-dia"},"_links":{"self":[{"href":"https:\/\/migracao.redenoticia.com.br\/noticia\/wp-json\/wp\/v2\/posts\/238453","targetHints":{"allow":["GET"]}}],"collection":[{"href":"https:\/\/migracao.redenoticia.com.br\/noticia\/wp-json\/wp\/v2\/posts"}],"about":[{"href":"https:\/\/migracao.redenoticia.com.br\/noticia\/wp-json\/wp\/v2\/types\/post"}],"author":[{"embeddable":true,"href":"https:\/\/migracao.redenoticia.com.br\/noticia\/wp-json\/wp\/v2\/users\/3"}],"replies":[{"embeddable":true,"href":"https:\/\/migracao.redenoticia.com.br\/noticia\/wp-json\/wp\/v2\/comments?post=238453"}],"version-history":[{"count":0,"href":"https:\/\/migracao.redenoticia.com.br\/noticia\/wp-json\/wp\/v2\/posts\/238453\/revisions"}],"wp:featuredmedia":[{"embeddable":true,"href":"https:\/\/migracao.redenoticia.com.br\/noticia\/wp-json\/wp\/v2\/media\/232241"}],"wp:attachment":[{"href":"https:\/\/migracao.redenoticia.com.br\/noticia\/wp-json\/wp\/v2\/media?parent=238453"}],"wp:term":[{"taxonomy":"category","embeddable":true,"href":"https:\/\/migracao.redenoticia.com.br\/noticia\/wp-json\/wp\/v2\/categories?post=238453"},{"taxonomy":"post_tag","embeddable":true,"href":"https:\/\/migracao.redenoticia.com.br\/noticia\/wp-json\/wp\/v2\/tags?post=238453"}],"curies":[{"name":"wp","href":"https:\/\/api.w.org\/{rel}","templated":true}]}}