{"id":238460,"date":"2023-10-19T18:19:50","date_gmt":"2023-10-19T21:19:50","guid":{"rendered":"https:\/\/www.redenoticia.com.br\/noticia\/?p=238460"},"modified":"2023-10-19T18:19:50","modified_gmt":"2023-10-19T21:19:50","slug":"resumo-mulheres-de-areia-20-10-virgilio-comeca-a-desconfiar-de-ruth","status":"publish","type":"post","link":"https:\/\/migracao.redenoticia.com.br\/noticia\/2023\/resumo-mulheres-de-areia-20-10-virgilio-comeca-a-desconfiar-de-ruth\/238460","title":{"rendered":"Resumo &#8220;Mulheres de Areia&#8221; 20\/10: Virgilio come\u00e7a a desconfiar de Ruth"},"content":{"rendered":"<p> <img loading=\"lazy\" decoding=\"async\" src=\"https:\/\/migracao.redenoticia.com.br\/noticia\/imagens\/mulheres-de-areia-resumo-novela-globo.jpg\" alt=\"\" width=\"1280\" height=\"720\" class=\"aligncenter size-full wp-image-233994\" srcset=\"https:\/\/migracao.redenoticia.com.br\/noticia\/imagens\/mulheres-de-areia-resumo-novela-globo.jpg 1280w, https:\/\/migracao.redenoticia.com.br\/noticia\/imagens\/mulheres-de-areia-resumo-novela-globo-250x140.jpg 250w, https:\/\/migracao.redenoticia.com.br\/noticia\/imagens\/mulheres-de-areia-resumo-novela-globo-400x225.jpg 400w, https:\/\/migracao.redenoticia.com.br\/noticia\/imagens\/mulheres-de-areia-resumo-novela-globo-768x432.jpg 768w, https:\/\/migracao.redenoticia.com.br\/noticia\/imagens\/mulheres-de-areia-resumo-novela-globo-150x84.jpg 150w\" sizes=\"auto, (max-width: 1280px) 100vw, 1280px\" \/><\/p>\n<p><em><strong>Resumo da novela &#8220;Mulheres de Areia&#8221;<\/strong><\/em> em 20\/10: no cap\u00edtulo 085(*) da novela, Marcos fica furioso e cobra uma explica\u00e7\u00e3o de Ruth, mas ela simplesmente diz que voltou atr\u00e1s na decis\u00e3o. Virg\u00edlio se chateia muito mais e manda Marcos dar entrada no div\u00f3rcio litigioso. O filho acha que se trata de uma vingan\u00e7a de \u201cRaquel\u201d e a agride. Ruth n\u00e3o reage e Marcos estranha. Vander\u00adlei vai ao escrit\u00f3rio de C\u00e9\u00adsar e este diz que ele n\u00e3o \u00e9 mais o dono da fazenda porque Raquel n\u00e3o se separou. Revoltado, Vanderlei bate em C\u00e9sar. Ruth faz uma visita r\u00e1pida a Dalua. An\u00addr\u00e9a provoca Ruth e ganha uma bofetada.<\/p>\n<p>Clarita elogia o gesto de Ruth. Alaor briga com Malu porque ela guarda uma foto de Gilberto. Um motorista de t\u00e1xi entrega a Virgilio um len\u00e7o que Ruth esqueceu no carro e fica sabendo que ela foi ao hospital onde Dalua est\u00e1 internado. Virgilio come\u00e7a a desconfiar de que Ruth est\u00e1 no lugar de Raquel. Vanderlei exige que Andr\u00e9a consiga a escritura da fazenda para ele. Virgilio pergunta a Dalua se algu\u00e9m o visitou e ele diz que \u00ad apenas Alzira. Virgilio manda Andr\u00e9a terminar o noivado com Vanderlei. Virgilio diz a Andrea que desconfia que Raquel esteja morta.<\/p>\n<p>(*) edi\u00e7\u00e3o das novelas da Globo, &#8220;Mulheres de Areia&#8221;, sujeito a altera\u00e7\u00e3o de data e conte\u00fado.<\/p>\n<p>Sinopse &#8220;Mulheres de Areia&#8221;: Ap\u00f3s anos Ruth volta a morar com os pais, o casal de pescadores Isaura e Floriano, e com sua irm\u00e3 g\u00eamea, Raquel. Ruth e Raquel, apesar de fisicamente id\u00eanticas, t\u00eam personalidades totalmente opostas. Ruth \u00e9 doce, calma, humilde e possui um bom cora\u00e7\u00e3o; enquanto Raquel \u00e9 ego\u00edsta, ambiciosa, agressiva e m\u00e1. Raquel finge ser Ruth para conquistar o jovem empres\u00e1rio Marcos Assun\u00e7\u00e3o, que a irm\u00e3 conheceu a caminho de Pontal. Mesmo apaixonado por Ruth, Marcos acaba envolvido pelo charme e sensualidade de Raquel, e acaba casando-se com ela. A uni\u00e3o n\u00e3o impede que Raquel continue a se encontrar \u00e0s escondidas com o malandro e mau-car\u00e1ter Wanderley, seu amante e c\u00famplice. Em Pontal D&#8217;Areia vive ainda Tonho da Lua, que esculpe mulheres de areia na praia, e alimenta um amor plat\u00f4nico por Ruth, sua protetora. Raquel, por sua vez, o persegue e inferniza sua vida, destruindo suas esculturas e o ofendendo sempre que pode.<\/p>\n","protected":false},"excerpt":{"rendered":"<p>Resumo da novela &#8220;Mulheres de Areia&#8221; em 20\/10: no cap\u00edtulo 085(*) da novela, Marcos fica furioso e cobra uma explica\u00e7\u00e3o de Ruth, mas ela simplesmente diz que voltou atr\u00e1s na decis\u00e3o. Virg\u00edlio se chateia muito mais e manda Marcos dar entrada no div\u00f3rcio litigioso. O filho acha que se trata de uma vingan\u00e7a de \u201cRaquel\u201d [&hellip;]<\/p>\n","protected":false},"author":4,"featured_media":233993,"comment_status":"closed","ping_status":"closed","sticky":false,"template":"","format":"standard","meta":{"tdm_status":"","tdm_grid_status":"","footnotes":""},"categories":[2309,379,375,2025,343],"tags":[441],"class_list":{"0":"post-238460","1":"post","2":"type-post","3":"status-publish","4":"format-standard","5":"has-post-thumbnail","7":"category-mulheres-de-areia","8":"category-novelas","9":"category-rede-globo","10":"category-resumo","11":"category-televisao","12":"tag-resumo-do-dia"},"_links":{"self":[{"href":"https:\/\/migracao.redenoticia.com.br\/noticia\/wp-json\/wp\/v2\/posts\/238460","targetHints":{"allow":["GET"]}}],"collection":[{"href":"https:\/\/migracao.redenoticia.com.br\/noticia\/wp-json\/wp\/v2\/posts"}],"about":[{"href":"https:\/\/migracao.redenoticia.com.br\/noticia\/wp-json\/wp\/v2\/types\/post"}],"author":[{"embeddable":true,"href":"https:\/\/migracao.redenoticia.com.br\/noticia\/wp-json\/wp\/v2\/users\/4"}],"replies":[{"embeddable":true,"href":"https:\/\/migracao.redenoticia.com.br\/noticia\/wp-json\/wp\/v2\/comments?post=238460"}],"version-history":[{"count":0,"href":"https:\/\/migracao.redenoticia.com.br\/noticia\/wp-json\/wp\/v2\/posts\/238460\/revisions"}],"wp:featuredmedia":[{"embeddable":true,"href":"https:\/\/migracao.redenoticia.com.br\/noticia\/wp-json\/wp\/v2\/media\/233993"}],"wp:attachment":[{"href":"https:\/\/migracao.redenoticia.com.br\/noticia\/wp-json\/wp\/v2\/media?parent=238460"}],"wp:term":[{"taxonomy":"category","embeddable":true,"href":"https:\/\/migracao.redenoticia.com.br\/noticia\/wp-json\/wp\/v2\/categories?post=238460"},{"taxonomy":"post_tag","embeddable":true,"href":"https:\/\/migracao.redenoticia.com.br\/noticia\/wp-json\/wp\/v2\/tags?post=238460"}],"curies":[{"name":"wp","href":"https:\/\/api.w.org\/{rel}","templated":true}]}}