{"id":238494,"date":"2023-10-20T14:54:45","date_gmt":"2023-10-20T17:54:45","guid":{"rendered":"https:\/\/www.redenoticia.com.br\/noticia\/?p=238494"},"modified":"2023-10-20T14:54:45","modified_gmt":"2023-10-20T17:54:45","slug":"resumo-iludida-23-10-derin-diz-que-o-homem-que-perdeu-a-memoria-se-chama-mehmet","status":"publish","type":"post","link":"https:\/\/migracao.redenoticia.com.br\/noticia\/2023\/resumo-iludida-23-10-derin-diz-que-o-homem-que-perdeu-a-memoria-se-chama-mehmet\/238494","title":{"rendered":"Resumo \u201cIludida\u201d 23\/10: Derin diz que o homem que perdeu a mem\u00f3ria se chama Mehmet"},"content":{"rendered":"<p> <img loading=\"lazy\" decoding=\"async\" class=\"aligncenter size-full wp-image-235992\" src=\"https:\/\/migracao.redenoticia.com.br\/noticia\/imagens\/novela-iludida-logo-resumo-canal-tnt.jpg\" alt=\"\" width=\"1280\" height=\"720\" srcset=\"https:\/\/migracao.redenoticia.com.br\/noticia\/imagens\/novela-iludida-logo-resumo-canal-tnt.jpg 1280w, https:\/\/migracao.redenoticia.com.br\/noticia\/imagens\/novela-iludida-logo-resumo-canal-tnt-250x140.jpg 250w, https:\/\/migracao.redenoticia.com.br\/noticia\/imagens\/novela-iludida-logo-resumo-canal-tnt-400x225.jpg 400w, https:\/\/migracao.redenoticia.com.br\/noticia\/imagens\/novela-iludida-logo-resumo-canal-tnt-768x432.jpg 768w, https:\/\/migracao.redenoticia.com.br\/noticia\/imagens\/novela-iludida-logo-resumo-canal-tnt-150x84.jpg 150w\" sizes=\"auto, (max-width: 1280px) 100vw, 1280px\" \/><\/p>\n<p><strong><em>Resumo da novela \u201cIludida\u201d<\/em><\/strong> em 23\/10: no cap\u00edtulo 086(*) da novela, Derin tenta encontrar um velho amigo de Londres para saber mais sobre Aras. Enquanto isso, Aras escuta Volkan e Asya \u00e0s escondidas e as coisas que Volkan diz o machucam. G\u00f6n\u00fcl convence Derin a fazer fisioterapia.  &#8230; Com a chegada de Nil, o equil\u00edbrio de Sel\u00e7uk com sua namorada Ceren come\u00e7a a se deteriorar. Ceren, que tamb\u00e9m \u00e9 fisioterapeuta de Derin, sabe disso. Derin chega com o tio ap\u00f3s espionar o jardim de Asya. Ela reconhece o homem sentado no jardim com Volkan como um convidado estrangeiro no passado. No entanto, mesmo sabendo que o homem perdeu a mem\u00f3ria, ela n\u00e3o diz que sua identidade \u00e9 &#8216;Mehmet&#8217;. Ao voltar para casa, ela tenta entrar em contato com a mulher fazendo perguntas ao pai sobre Mehmet e Leyla, que ela tamb\u00e9m conheceu quando esteve em Londres. <\/p>\n<p>Volkan devolve o dinheiro da venda da casa para a conta de G\u00f6n\u00fcl. Embora G\u00f6n\u00fcl continue trope\u00e7ando no marido por causa da quest\u00e3o financeira, ela continua na casa de Melih. Volkan come\u00e7a a ficar com ci\u00fames do homem que viu na casa de Asya e com quem andou para ajud\u00e1-lo a recuperar a mem\u00f3ria. Ele est\u00e1 preocupado que Asya seja prejudicada porque eles n\u00e3o conhecem o passado e o car\u00e1ter do homem. Ele tamb\u00e9m acha que a mulher est\u00e1 muito interessada no homem. Asya mostrou a chave do bolso do homem que sofreu o acidente ao chaveiro; Ele recebeu a not\u00edcia de que poderia abrir mans\u00f5es constru\u00eddas em Tekirdag. Quando eles v\u00e3o at\u00e9 l\u00e1, o homem se lembra daquele lugar. Ele pensa que seu nome \u00e9 &#8216;Aras&#8217; porque v\u00ea seu nome escrito no vidro. Volkan diz a Asya que sabe que ela o est\u00e1 vendo porque sente pena dele e, quando os ouve falando sobre sua natureza desconhecida, Aras fica ofendido e se fecha. Kadir est\u00e1 atr\u00e1s de Aras e atrasado para jantar com Derya. Ela salva a situa\u00e7\u00e3o dizendo que n\u00e3o consegue encontrar o caminho. Mais tarde, ao ir at\u00e9 Derya no hospital, ele fica animado ao saber que Aras lembrou do seu nome.<\/p>\n<p>(*) edi\u00e7\u00e3o das novelas da TNT\/HBO, \u201cIludida\u201d, sujeito a altera\u00e7\u00e3o de data e conte\u00fado.<\/p>\n<p>Sinopse &#8220;Iludida&#8221;: Com apenas 37 anos, Asya \u00e9 vice-diretora e m\u00e9dica em um hospital da cidade de Tekirdag. Al\u00e9m de ter uma carreira profissional de sucesso, leva uma vida tranquila com o seu marido Volkan e seu filho Ali. Ela parece ter tudo: um trabalho perfeito, uma casa linda e uma fam\u00edlia feliz. Asya se sente a mulher mais sortuda do mundo, o que mais ela poderia pedir? Tudo na sua vida parecia ser cor-de-rosa, at\u00e9 que ela descobre um cabelo loiro no cachecol do seu marido, o que a transforma em uma pessoa obsessiva e incapaz de confiar nas pessoas ao seu redor. Por\u00e9m, ela n\u00e3o se engana em desconfiar deles: aos poucos, Asya descobre uma rede de mentiras que a leva a perceber que a sua vida n\u00e3o era t\u00e3o perfeita como ela pensava.<\/p>\n","protected":false},"excerpt":{"rendered":"<p>Resumo da novela \u201cIludida\u201d em 23\/10: no cap\u00edtulo 086(*) da novela, Derin tenta encontrar um velho amigo de Londres para saber mais sobre Aras. Enquanto isso, Aras escuta Volkan e Asya \u00e0s escondidas e as coisas que Volkan diz o machucam. G\u00f6n\u00fcl convence Derin a fazer fisioterapia. &#8230; Com a chegada de Nil, o equil\u00edbrio [&hellip;]<\/p>\n","protected":false},"author":2,"featured_media":235991,"comment_status":"closed","ping_status":"closed","sticky":false,"template":"","format":"standard","meta":{"tdm_status":"","tdm_grid_status":"","footnotes":""},"categories":[2317,379,2025,343,2315],"tags":[441],"class_list":{"0":"post-238494","1":"post","2":"type-post","3":"status-publish","4":"format-standard","5":"has-post-thumbnail","7":"category-iludida","8":"category-novelas","9":"category-resumo","10":"category-televisao","11":"category-tnt","12":"tag-resumo-do-dia"},"_links":{"self":[{"href":"https:\/\/migracao.redenoticia.com.br\/noticia\/wp-json\/wp\/v2\/posts\/238494","targetHints":{"allow":["GET"]}}],"collection":[{"href":"https:\/\/migracao.redenoticia.com.br\/noticia\/wp-json\/wp\/v2\/posts"}],"about":[{"href":"https:\/\/migracao.redenoticia.com.br\/noticia\/wp-json\/wp\/v2\/types\/post"}],"author":[{"embeddable":true,"href":"https:\/\/migracao.redenoticia.com.br\/noticia\/wp-json\/wp\/v2\/users\/2"}],"replies":[{"embeddable":true,"href":"https:\/\/migracao.redenoticia.com.br\/noticia\/wp-json\/wp\/v2\/comments?post=238494"}],"version-history":[{"count":0,"href":"https:\/\/migracao.redenoticia.com.br\/noticia\/wp-json\/wp\/v2\/posts\/238494\/revisions"}],"wp:featuredmedia":[{"embeddable":true,"href":"https:\/\/migracao.redenoticia.com.br\/noticia\/wp-json\/wp\/v2\/media\/235991"}],"wp:attachment":[{"href":"https:\/\/migracao.redenoticia.com.br\/noticia\/wp-json\/wp\/v2\/media?parent=238494"}],"wp:term":[{"taxonomy":"category","embeddable":true,"href":"https:\/\/migracao.redenoticia.com.br\/noticia\/wp-json\/wp\/v2\/categories?post=238494"},{"taxonomy":"post_tag","embeddable":true,"href":"https:\/\/migracao.redenoticia.com.br\/noticia\/wp-json\/wp\/v2\/tags?post=238494"}],"curies":[{"name":"wp","href":"https:\/\/api.w.org\/{rel}","templated":true}]}}