{"id":238572,"date":"2023-10-23T10:01:57","date_gmt":"2023-10-23T13:01:57","guid":{"rendered":"https:\/\/www.redenoticia.com.br\/noticia\/?p=238572"},"modified":"2023-10-23T10:01:57","modified_gmt":"2023-10-23T13:01:57","slug":"resumo-a-infancia-de-romeu-e-julieta-24-10-simao-descobre-que-vitor-e-irmao-de-mariana","status":"publish","type":"post","link":"https:\/\/migracao.redenoticia.com.br\/noticia\/2023\/resumo-a-infancia-de-romeu-e-julieta-24-10-simao-descobre-que-vitor-e-irmao-de-mariana\/238572","title":{"rendered":"Resumo \u201cA Inf\u00e2ncia de Romeu e Julieta\u201d 24\/10: Sim\u00e3o descobre que Vitor \u00e9 irm\u00e3o de Mariana"},"content":{"rendered":"<p> <img loading=\"lazy\" decoding=\"async\" src=\"https:\/\/migracao.redenoticia.com.br\/noticia\/imagens\/novela-romeu-e-julieta-sbt-elenco-resumo.jpg\" alt=\"\" width=\"1280\" height=\"720\" class=\"aligncenter size-full wp-image-232242\" srcset=\"https:\/\/migracao.redenoticia.com.br\/noticia\/imagens\/novela-romeu-e-julieta-sbt-elenco-resumo.jpg 1280w, https:\/\/migracao.redenoticia.com.br\/noticia\/imagens\/novela-romeu-e-julieta-sbt-elenco-resumo-250x140.jpg 250w, https:\/\/migracao.redenoticia.com.br\/noticia\/imagens\/novela-romeu-e-julieta-sbt-elenco-resumo-400x225.jpg 400w, https:\/\/migracao.redenoticia.com.br\/noticia\/imagens\/novela-romeu-e-julieta-sbt-elenco-resumo-768x432.jpg 768w, https:\/\/migracao.redenoticia.com.br\/noticia\/imagens\/novela-romeu-e-julieta-sbt-elenco-resumo-150x84.jpg 150w\" sizes=\"auto, (max-width: 1280px) 100vw, 1280px\" \/><\/p>\n<p><strong><em>Resumo da novela \u201cA Inf\u00e2ncia de Romeu e Julieta\u201d<\/em><\/strong> em 24\/10: no cap\u00edtulo 122(*) da novela, Chilique vira l\u00edder do Pedalzera. O papagaio de Clara, Lorenzo, encontra o colar de Dimitri, Clara pega e reconhece que pertencia a Flavia Monteiro e que a chave pendurada no colar abria uma porta especial. Sobre o pedido de namoro, P\u00f3rcia diz para Vitor que precisa pensar. Fred liga para Sim\u00e3o e libera o investidor para seguir com a produ\u00e7\u00e3o do aplicativo. Sim\u00e3o pede um adiantamento salarial. No Monter Mercado, Vitor escuta Sim\u00e3o conversando no telefone e aborda o rapaz. Vitor deseja investir com Sim\u00e3o. Bernardo cobra Chilique, F\u00ea Dengosa e Muke sobre a picha\u00e7\u00e3o no muro.<\/p>\n<p>Eles negam envolvimento e suspeitam de Trapa\u00e7a. Daniel pede desculpa para Domitila e diz que o restaurante lotou gra\u00e7as \u00e0 cr\u00edtica dela. Sim\u00e3o entrega flores e chocolate para Mariana. Em conversa com Trapa\u00e7a, Chilique, F\u00ea Dengosa e Muke amea\u00e7am contar sobre o Pedalzera para a m\u00e3e dela, se Trapa\u00e7a n\u00e3o limpar o muro do Instituto. No parque, Sim\u00e3o fala para Mariana que comprou o chocolate no Monter Mercado. Sim\u00e3o descobre que Vitor \u00e9 irm\u00e3o de Mariana e que o mercado pertence \u00e0 rival de Mariana. Glaucia tira a joia de Flavia Monteiro do cofre, item que ela roubou de Vera no passado e que culpou Mariana. Fred aparece e fica perplexo com a esposa.<\/p>\n<p>(*) edi\u00e7\u00e3o das novelas do SBT, \u201cA Inf\u00e2ncia de Romeu e Julieta\u201d, sujeito a altera\u00e7\u00e3o de data e conte\u00fado.<\/p>\n<p>Sinopse \u201cA Inf\u00e2ncia de Romeu e Julieta\u201d: A Trama se passa no bairro chamado castanheiras, em que duas fam\u00edlias com propostas diferentes para esse bairro vivem em disc\u00f3rdia, sendo divididas entre os lados Torre (Campos) e Vila (Monteiro).[6] Entretanto, Romeu (Miguel \u00c2ngelo) e Julieta (Vitt\u00f3ria Seixas) se conhecem, da\u00ed em diante, as fam\u00edlias rivais t\u00eam uma nova oportunidade de trazer paz e uni\u00e3o entre o conv\u00edvio deles. <\/p>\n<p>Romeu e Julieta n\u00e3o sabem como v\u00e3o fazer para ficarem juntos. A not\u00edcia do romance chega \u00e0s fam\u00edlias, que n\u00e3o gostam nada da hist\u00f3ria e tratam de afasta-los imediatamente, aprontando v\u00e1rias situa\u00e7\u00f5es. Romeu e Julieta querem acabar com essa hostilidade e tentam ir atr\u00e1s de uma solu\u00e7\u00e3o, mas ao descobrirem mais sobre a hist\u00f3ria de seus pais, percebem que pode ser imposs\u00edvel.<\/p>\n","protected":false},"excerpt":{"rendered":"<p>Resumo da novela \u201cA Inf\u00e2ncia de Romeu e Julieta\u201d em 24\/10: no cap\u00edtulo 122(*) da novela, Chilique vira l\u00edder do Pedalzera. O papagaio de Clara, Lorenzo, encontra o colar de Dimitri, Clara pega e reconhece que pertencia a Flavia Monteiro e que a chave pendurada no colar abria uma porta especial. Sobre o pedido de [&hellip;]<\/p>\n","protected":false},"author":3,"featured_media":232241,"comment_status":"closed","ping_status":"closed","sticky":false,"template":"","format":"standard","meta":{"tdm_status":"","tdm_grid_status":"","footnotes":""},"categories":[2306,379,2025,372,343],"tags":[441],"class_list":{"0":"post-238572","1":"post","2":"type-post","3":"status-publish","4":"format-standard","5":"has-post-thumbnail","7":"category-novela-romeu-e-julieta","8":"category-novelas","9":"category-resumo","10":"category-sbt","11":"category-televisao","12":"tag-resumo-do-dia"},"_links":{"self":[{"href":"https:\/\/migracao.redenoticia.com.br\/noticia\/wp-json\/wp\/v2\/posts\/238572","targetHints":{"allow":["GET"]}}],"collection":[{"href":"https:\/\/migracao.redenoticia.com.br\/noticia\/wp-json\/wp\/v2\/posts"}],"about":[{"href":"https:\/\/migracao.redenoticia.com.br\/noticia\/wp-json\/wp\/v2\/types\/post"}],"author":[{"embeddable":true,"href":"https:\/\/migracao.redenoticia.com.br\/noticia\/wp-json\/wp\/v2\/users\/3"}],"replies":[{"embeddable":true,"href":"https:\/\/migracao.redenoticia.com.br\/noticia\/wp-json\/wp\/v2\/comments?post=238572"}],"version-history":[{"count":0,"href":"https:\/\/migracao.redenoticia.com.br\/noticia\/wp-json\/wp\/v2\/posts\/238572\/revisions"}],"wp:featuredmedia":[{"embeddable":true,"href":"https:\/\/migracao.redenoticia.com.br\/noticia\/wp-json\/wp\/v2\/media\/232241"}],"wp:attachment":[{"href":"https:\/\/migracao.redenoticia.com.br\/noticia\/wp-json\/wp\/v2\/media?parent=238572"}],"wp:term":[{"taxonomy":"category","embeddable":true,"href":"https:\/\/migracao.redenoticia.com.br\/noticia\/wp-json\/wp\/v2\/categories?post=238572"},{"taxonomy":"post_tag","embeddable":true,"href":"https:\/\/migracao.redenoticia.com.br\/noticia\/wp-json\/wp\/v2\/tags?post=238572"}],"curies":[{"name":"wp","href":"https:\/\/api.w.org\/{rel}","templated":true}]}}