{"id":238613,"date":"2023-10-24T16:04:11","date_gmt":"2023-10-24T19:04:11","guid":{"rendered":"https:\/\/www.redenoticia.com.br\/noticia\/?p=238613"},"modified":"2023-10-24T16:04:11","modified_gmt":"2023-10-24T19:04:11","slug":"resumo-iludida-25-10-bahar-conta-a-asya-sobre-o-segredo-de-derin","status":"publish","type":"post","link":"https:\/\/migracao.redenoticia.com.br\/noticia\/2023\/resumo-iludida-25-10-bahar-conta-a-asya-sobre-o-segredo-de-derin\/238613","title":{"rendered":"Resumo \u201cIludida\u201d 25\/10: Bahar conta a Asya sobre o segredo de Derin"},"content":{"rendered":"<p> <img loading=\"lazy\" decoding=\"async\" class=\"aligncenter size-full wp-image-235992\" src=\"https:\/\/migracao.redenoticia.com.br\/noticia\/imagens\/novela-iludida-logo-resumo-canal-tnt.jpg\" alt=\"\" width=\"1280\" height=\"720\" srcset=\"https:\/\/migracao.redenoticia.com.br\/noticia\/imagens\/novela-iludida-logo-resumo-canal-tnt.jpg 1280w, https:\/\/migracao.redenoticia.com.br\/noticia\/imagens\/novela-iludida-logo-resumo-canal-tnt-250x140.jpg 250w, https:\/\/migracao.redenoticia.com.br\/noticia\/imagens\/novela-iludida-logo-resumo-canal-tnt-400x225.jpg 400w, https:\/\/migracao.redenoticia.com.br\/noticia\/imagens\/novela-iludida-logo-resumo-canal-tnt-768x432.jpg 768w, https:\/\/migracao.redenoticia.com.br\/noticia\/imagens\/novela-iludida-logo-resumo-canal-tnt-150x84.jpg 150w\" sizes=\"auto, (max-width: 1280px) 100vw, 1280px\" \/><\/p>\n<p><strong><em>Resumo da novela \u201cIludida\u201d<\/em><\/strong> em 25\/10: no cap\u00edtulo 088(*) da novela, Aysa pede a Volkan que procure as mans\u00f5es das quais Aras se lembra e onde a chave pode abrir. Quando Volkan investiga, ele descobre que houve um grande inc\u00eandio e que Haluk G\u00fc\u00e7l\u00fc assumiu o controle das casas depois que elas pegaram fogo. Quando vai at\u00e9 Asya para conversar sobre isso, fica sabendo que a mulher foi ajudar Aras, que se instalou na pousada. Quando ele vai l\u00e1, Volkan v\u00ea Asya e Aras se beijando.  &#8230; Volkan desmaia e chora ao ver esse beijo. Esta cena causa muito impacto.<\/p>\n<p>Bahar conta a Asya sobre o segredo de Derin. Enquanto Volkan fala sobre sua decis\u00e3o de divorciar-se de Derin para Asya, Derin pensa ter encontrado uma maneira de salvar o seu casamento. Aras confessa seus sentimentos a Asya. &#8230; Vendo Asya e Aras se beijando, Volkan se dispersa. Ele vai \u00e0 praia e come\u00e7a a beber. Ele est\u00e1 ouvindo sua m\u00fasica. Ele v\u00ea Derin como a raz\u00e3o pela qual ele pode chegar \u00e0 \u00c1sia. Quando Volkan n\u00e3o volta para casa, Derin liga para Sel\u00e7uk. Sel\u00e7uk encontra Volkan desmaiado na praia pela manh\u00e3 e o leva para casa. Derin entende o problema porque Volkan continua dizendo &#8220;Ele a beijou. Asya beijou Aras.&#8221; <\/p>\n<p>Quando Volkan acorda pela manh\u00e3, ele se encontra ao lado de Aras. Ele conta coisas para provoc\u00e1-lo. Ele diz a ele para ficar longe de sua esposa. Quando Aras n\u00e3o o escuta e tenta dizer o que \u00e9 preciso e ir embora, ele d\u00e1 um soco no homem. Por\u00e9m, Aras responde a Volkan e o vence bem. Muitas pessoas os veem. Quando Volkan vai para o hospital, o incidente come\u00e7a a ser comentado tanto na funda\u00e7\u00e3o quanto no hospital. Derin continua fazendo fisioterapia. Ela desiste de contatar Leyla, que \u00e9 ligada a Mehmet (Aras), que conhece do exterior. Porque o fato de Asya e Aras estarem juntos significa que Volkan permanecer\u00e1 com ela. Asya sai de casa imediatamente ap\u00f3s ser beijada por Aras. Ela est\u00e1 confusa. Embora goste de ser beijada por Aras, as inc\u00f3gnitas do incidente a assustam. A possibilidade de o homem ter em sua vida esposa, amante e filhos dos quais n\u00e3o se lembra a assusta. Ela conversa sobre isso com Aras. O homem diz que, mesmo que tenha um passado, o que est\u00e1 vivenciando e sentindo agora \u00e9 real.<\/p>\n<p>(*) edi\u00e7\u00e3o das novelas da TNT\/HBO, \u201cIludida\u201d, sujeito a altera\u00e7\u00e3o de data e conte\u00fado.<\/p>\n<p>Sinopse &#8220;Iludida&#8221;: Com apenas 37 anos, Asya \u00e9 vice-diretora e m\u00e9dica em um hospital da cidade de Tekirdag. Al\u00e9m de ter uma carreira profissional de sucesso, leva uma vida tranquila com o seu marido Volkan e seu filho Ali. Ela parece ter tudo: um trabalho perfeito, uma casa linda e uma fam\u00edlia feliz. Asya se sente a mulher mais sortuda do mundo, o que mais ela poderia pedir? Tudo na sua vida parecia ser cor-de-rosa, at\u00e9 que ela descobre um cabelo loiro no cachecol do seu marido, o que a transforma em uma pessoa obsessiva e incapaz de confiar nas pessoas ao seu redor. Por\u00e9m, ela n\u00e3o se engana em desconfiar deles: aos poucos, Asya descobre uma rede de mentiras que a leva a perceber que a sua vida n\u00e3o era t\u00e3o perfeita como ela pensava.<\/p>\n","protected":false},"excerpt":{"rendered":"<p>Resumo da novela \u201cIludida\u201d em 25\/10: no cap\u00edtulo 088(*) da novela, Aysa pede a Volkan que procure as mans\u00f5es das quais Aras se lembra e onde a chave pode abrir. Quando Volkan investiga, ele descobre que houve um grande inc\u00eandio e que Haluk G\u00fc\u00e7l\u00fc assumiu o controle das casas depois que elas pegaram fogo. Quando [&hellip;]<\/p>\n","protected":false},"author":2,"featured_media":235991,"comment_status":"closed","ping_status":"closed","sticky":false,"template":"","format":"standard","meta":{"tdm_status":"","tdm_grid_status":"","footnotes":""},"categories":[2317,379,2025,343,2315],"tags":[441],"class_list":{"0":"post-238613","1":"post","2":"type-post","3":"status-publish","4":"format-standard","5":"has-post-thumbnail","7":"category-iludida","8":"category-novelas","9":"category-resumo","10":"category-televisao","11":"category-tnt","12":"tag-resumo-do-dia"},"_links":{"self":[{"href":"https:\/\/migracao.redenoticia.com.br\/noticia\/wp-json\/wp\/v2\/posts\/238613","targetHints":{"allow":["GET"]}}],"collection":[{"href":"https:\/\/migracao.redenoticia.com.br\/noticia\/wp-json\/wp\/v2\/posts"}],"about":[{"href":"https:\/\/migracao.redenoticia.com.br\/noticia\/wp-json\/wp\/v2\/types\/post"}],"author":[{"embeddable":true,"href":"https:\/\/migracao.redenoticia.com.br\/noticia\/wp-json\/wp\/v2\/users\/2"}],"replies":[{"embeddable":true,"href":"https:\/\/migracao.redenoticia.com.br\/noticia\/wp-json\/wp\/v2\/comments?post=238613"}],"version-history":[{"count":0,"href":"https:\/\/migracao.redenoticia.com.br\/noticia\/wp-json\/wp\/v2\/posts\/238613\/revisions"}],"wp:featuredmedia":[{"embeddable":true,"href":"https:\/\/migracao.redenoticia.com.br\/noticia\/wp-json\/wp\/v2\/media\/235991"}],"wp:attachment":[{"href":"https:\/\/migracao.redenoticia.com.br\/noticia\/wp-json\/wp\/v2\/media?parent=238613"}],"wp:term":[{"taxonomy":"category","embeddable":true,"href":"https:\/\/migracao.redenoticia.com.br\/noticia\/wp-json\/wp\/v2\/categories?post=238613"},{"taxonomy":"post_tag","embeddable":true,"href":"https:\/\/migracao.redenoticia.com.br\/noticia\/wp-json\/wp\/v2\/tags?post=238613"}],"curies":[{"name":"wp","href":"https:\/\/api.w.org\/{rel}","templated":true}]}}