{"id":238658,"date":"2023-10-25T17:46:11","date_gmt":"2023-10-25T20:46:11","guid":{"rendered":"https:\/\/www.redenoticia.com.br\/noticia\/?p=238658"},"modified":"2023-10-25T17:46:11","modified_gmt":"2023-10-25T20:46:11","slug":"resumo-sera-isso-amor-26-10-serkan-acorda-na-eslovenia","status":"publish","type":"post","link":"https:\/\/migracao.redenoticia.com.br\/noticia\/2023\/resumo-sera-isso-amor-26-10-serkan-acorda-na-eslovenia\/238658","title":{"rendered":"Resumo \u201cSer\u00e1 Isso Amor?\u201d 26\/10: Serkan acorda na Eslov\u00eania"},"content":{"rendered":"<p> <img loading=\"lazy\" decoding=\"async\" class=\"aligncenter size-full wp-image-235988\" src=\"https:\/\/migracao.redenoticia.com.br\/noticia\/imagens\/novela-sera-isso-amor-tnt-resumo-elenco.jpg\" alt=\"\" width=\"1280\" height=\"720\" srcset=\"https:\/\/migracao.redenoticia.com.br\/noticia\/imagens\/novela-sera-isso-amor-tnt-resumo-elenco.jpg 1280w, https:\/\/migracao.redenoticia.com.br\/noticia\/imagens\/novela-sera-isso-amor-tnt-resumo-elenco-250x140.jpg 250w, https:\/\/migracao.redenoticia.com.br\/noticia\/imagens\/novela-sera-isso-amor-tnt-resumo-elenco-400x225.jpg 400w, https:\/\/migracao.redenoticia.com.br\/noticia\/imagens\/novela-sera-isso-amor-tnt-resumo-elenco-768x432.jpg 768w, https:\/\/migracao.redenoticia.com.br\/noticia\/imagens\/novela-sera-isso-amor-tnt-resumo-elenco-150x84.jpg 150w\" sizes=\"auto, (max-width: 1280px) 100vw, 1280px\" \/><\/p>\n<p><strong><em>Resumo da novela \u201cSer\u00e1 Isso Amor?\u201d<\/em><\/strong> em 26\/10: no cap\u00edtulo 089(*) da novela, muita coisa muda em dois meses. Enquanto Serkan encontra-se em um lugar misterioso com uma velha amizade, Eda continua esperando e buscando por ele. &#8230; O avi\u00e3o de Serkan caiu, mas Serkan n\u00e3o foi encontrado. Eda acha que Serkan retornar\u00e1 e administrar\u00e1 a empresa. Recebe at\u00e9 pr\u00eamios na \u00e1rea de design. Enquanto isso, uma pessoa chamada Deniz, com quem cresceram juntos, entra em suas vidas. Fifi tamb\u00e9m foi trabalhar no exterior. Dois meses se passaram desde a aus\u00eancia de Serkan. Tanto Eda quanto a Sra. Ayna acreditam que ele retornar\u00e1. <\/p>\n<p>Mesmo que Serkan esteja doente h\u00e1 muito tempo, ele fica com Selin em uma casa de campo. Ele ainda pensa que ele e Selin s\u00e3o amantes e vivem assim. Ele n\u00e3o se lembra de nada sobre Eda. Selin o manipula para que conte tudo sobre Eda. Serkan e Selin entram na empresa de m\u00e3os dadas. &#8230; Serkan acorda  s\u00e3o e salvo na Eslov\u00eania, ele foi salvo por um pescador e passou v\u00e1rias semanas na cama e inconsciente. Ele \u00e9 assistido ap\u00f3s perder a mem\u00f3ria de curto prazo, ele n\u00e3o se lembra mais do ano passado. Assim, Serkan chama Selin em seu socorro, pois tem certeza de que ela \u00e9 sua noiva, n\u00e3o se lembrando da entrada de Eda em sua vida. Selim, que sempre foi apaixonada por Bolat, vai aproveitar para se insinuar de volta ao cora\u00e7\u00e3o do empres\u00e1rio.<\/p>\n<p>(*) edi\u00e7\u00e3o das novelas da TNT\/HBO, \u201cSer\u00e1 Isso Amor?\u201d, sujeito a altera\u00e7\u00e3o de data e conte\u00fado.<\/p>\n<p>Sinopse &#8220;Ser\u00e1 Isso Amor?&#8221;: (Primeira Temporada) Eda n\u00e3o consegue concluir sua gradua\u00e7\u00e3o na faculdade de arquitetura paisag\u00edstica por causa de Serkan Bolat. Serkan tem uma ex-namorada, Selin, que ficou noiva recentemente ap\u00f3s o rompimento. Para recuper\u00e1-la, Serkan oferece a Eda um contrato segundo o qual ela deve fingir ser sua noiva por dois meses. Ela aceita a oferta e n\u00e3o demora para surgir algo entre eles. <\/p>\n<p>(Segunda Temporada) Serkan e Eda passam por momentos dif\u00edceis durante o tratamento de c\u00e2ncer dele, que fica obcecado com sua doen\u00e7a e que vira um homem completamente diferente ap\u00f3s sobreviver. Serkan volta a se concentrar apenas em seu trabalho, que aos poucos o afasta de Eda. Mais tarde, ela vai para a It\u00e1lia para concluir seus estudos, enquanto Serkan continua com sua vida. Mas quando eles finalmente se reencontram ap\u00f3s 5 longos anos, a vida tem uma surpresa para ambos.<\/p>\n","protected":false},"excerpt":{"rendered":"<p>Resumo da novela \u201cSer\u00e1 Isso Amor?\u201d em 26\/10: no cap\u00edtulo 089(*) da novela, muita coisa muda em dois meses. Enquanto Serkan encontra-se em um lugar misterioso com uma velha amizade, Eda continua esperando e buscando por ele. &#8230; O avi\u00e3o de Serkan caiu, mas Serkan n\u00e3o foi encontrado. Eda acha que Serkan retornar\u00e1 e administrar\u00e1 [&hellip;]<\/p>\n","protected":false},"author":2,"featured_media":235990,"comment_status":"closed","ping_status":"closed","sticky":false,"template":"","format":"standard","meta":{"tdm_status":"","tdm_grid_status":"","footnotes":""},"categories":[379,2025,2316,343,2315],"tags":[441],"class_list":{"0":"post-238658","1":"post","2":"type-post","3":"status-publish","4":"format-standard","5":"has-post-thumbnail","7":"category-novelas","8":"category-resumo","9":"category-sera-isso-amor","10":"category-televisao","11":"category-tnt","12":"tag-resumo-do-dia"},"_links":{"self":[{"href":"https:\/\/migracao.redenoticia.com.br\/noticia\/wp-json\/wp\/v2\/posts\/238658","targetHints":{"allow":["GET"]}}],"collection":[{"href":"https:\/\/migracao.redenoticia.com.br\/noticia\/wp-json\/wp\/v2\/posts"}],"about":[{"href":"https:\/\/migracao.redenoticia.com.br\/noticia\/wp-json\/wp\/v2\/types\/post"}],"author":[{"embeddable":true,"href":"https:\/\/migracao.redenoticia.com.br\/noticia\/wp-json\/wp\/v2\/users\/2"}],"replies":[{"embeddable":true,"href":"https:\/\/migracao.redenoticia.com.br\/noticia\/wp-json\/wp\/v2\/comments?post=238658"}],"version-history":[{"count":0,"href":"https:\/\/migracao.redenoticia.com.br\/noticia\/wp-json\/wp\/v2\/posts\/238658\/revisions"}],"wp:featuredmedia":[{"embeddable":true,"href":"https:\/\/migracao.redenoticia.com.br\/noticia\/wp-json\/wp\/v2\/media\/235990"}],"wp:attachment":[{"href":"https:\/\/migracao.redenoticia.com.br\/noticia\/wp-json\/wp\/v2\/media?parent=238658"}],"wp:term":[{"taxonomy":"category","embeddable":true,"href":"https:\/\/migracao.redenoticia.com.br\/noticia\/wp-json\/wp\/v2\/categories?post=238658"},{"taxonomy":"post_tag","embeddable":true,"href":"https:\/\/migracao.redenoticia.com.br\/noticia\/wp-json\/wp\/v2\/tags?post=238658"}],"curies":[{"name":"wp","href":"https:\/\/api.w.org\/{rel}","templated":true}]}}