{"id":2388,"date":"2009-06-05T08:10:26","date_gmt":"2009-06-05T12:10:26","guid":{"rendered":"http:\/\/www.redenoticia.com.br\/noticia\/?p=2388"},"modified":"2009-06-05T08:10:26","modified_gmt":"2009-06-05T12:10:26","slug":"camara-vai-votar-mudancas-na-lei-eleitoral","status":"publish","type":"post","link":"https:\/\/migracao.redenoticia.com.br\/noticia\/2009\/camara-vai-votar-mudancas-na-lei-eleitoral\/2388","title":{"rendered":"C\u00e2mara vai votar mudan\u00e7as na lei eleitoral"},"content":{"rendered":"<p>Os l\u00edderes partid\u00e1rios na C\u00e2mara decidiram votar, ainda este m\u00eas, mudan\u00e7as na lei eleitoral para a disputa de 2010. Um dos principais pontos \u00e9 a regulamenta\u00e7\u00e3o da pr\u00e9-campanha, que, na pr\u00e1tica, permitir\u00e1 a antecipa\u00e7\u00e3o dos atos partid\u00e1rios sem o fantasma da puni\u00e7\u00e3o com inelegibilidade por propaganda eleitoral fora de \u00e9poca.<\/p>\n<p>H\u00e1 consenso, tamb\u00e9m, na import\u00e2ncia de liberar o uso da internet como ferramenta de campanha, e a decis\u00e3o de restringir a possibilidade de o Tribunal Superior Eleitoral (TSE) ditar as normas da disputa, com resolu\u00e7\u00f5es, \u00e0s v\u00e9speras das elei\u00e7\u00f5es.<\/p>\n<p>Outros pontos da pretendida reforma pol\u00edtica, como financiamento p\u00fablico de campanha ou vota\u00e7\u00e3o em lista, foram engavetados por falta de acordo.<\/p>\n<p>&#8211; Vamos votar a reforma eleitoral em junho &#8211; disse, otimista, o l\u00edder do PT, C\u00e2ndido Vaccarezza (SP), salientando que, para o futuro, o PT defende um revisor em 2011 para aprovar mudan\u00e7as na Constitui\u00e7\u00e3o relativas \u00e0 reforma pol\u00edtica.<\/p>\n<p>Uma comiss\u00e3o trabalha sobre texto do deputado Fl\u00e1vio Dino (PCdoB-MA). Uma das propostas tenta limitar o poder da Justi\u00e7a Eleitoral, estabelecendo que s\u00f3 resolu\u00e7\u00f5es editadas pelo TSE at\u00e9 5 de mar\u00e7o do ano da elei\u00e7\u00e3o seriam aplic\u00e1veis \u00e0quela disputa. A inten\u00e7\u00e3o \u00e9 deixar claro no texto que as resolu\u00e7\u00f5es n\u00e3o podem restringir direitos ou estabelecer san\u00e7\u00f5es distintas da prevista na lei eleitoral<\/p>\n<p>Leia mais em <a href=\"http:\/\/oglobo.globo.com\/pais\/mat\/2009\/06\/04\/lideres-da-camara-querem-votar-reforma-eleitoral-em-junho-756190453.asp\" target=\"_blank\">O Globo<\/a><\/p>\n","protected":false},"excerpt":{"rendered":"<p>Os l\u00edderes partid\u00e1rios na C\u00e2mara decidiram votar, ainda este m\u00eas, mudan\u00e7as na lei eleitoral para a disputa de 2010. Um dos principais pontos \u00e9 a regulamenta\u00e7\u00e3o da pr\u00e9-campanha, que, na pr\u00e1tica, permitir\u00e1 a antecipa\u00e7\u00e3o dos atos partid\u00e1rios sem o fantasma da puni\u00e7\u00e3o com inelegibilidade por propaganda eleitoral fora de \u00e9poca. H\u00e1 consenso, tamb\u00e9m, na import\u00e2ncia [&hellip;]<\/p>\n","protected":false},"author":2,"featured_media":0,"comment_status":"open","ping_status":"open","sticky":false,"template":"","format":"standard","meta":{"tdm_status":"","tdm_grid_status":"","footnotes":""},"categories":[22],"tags":[],"class_list":{"0":"post-2388","1":"post","2":"type-post","3":"status-publish","4":"format-standard","6":"category-brasil"},"_links":{"self":[{"href":"https:\/\/migracao.redenoticia.com.br\/noticia\/wp-json\/wp\/v2\/posts\/2388","targetHints":{"allow":["GET"]}}],"collection":[{"href":"https:\/\/migracao.redenoticia.com.br\/noticia\/wp-json\/wp\/v2\/posts"}],"about":[{"href":"https:\/\/migracao.redenoticia.com.br\/noticia\/wp-json\/wp\/v2\/types\/post"}],"author":[{"embeddable":true,"href":"https:\/\/migracao.redenoticia.com.br\/noticia\/wp-json\/wp\/v2\/users\/2"}],"replies":[{"embeddable":true,"href":"https:\/\/migracao.redenoticia.com.br\/noticia\/wp-json\/wp\/v2\/comments?post=2388"}],"version-history":[{"count":0,"href":"https:\/\/migracao.redenoticia.com.br\/noticia\/wp-json\/wp\/v2\/posts\/2388\/revisions"}],"wp:attachment":[{"href":"https:\/\/migracao.redenoticia.com.br\/noticia\/wp-json\/wp\/v2\/media?parent=2388"}],"wp:term":[{"taxonomy":"category","embeddable":true,"href":"https:\/\/migracao.redenoticia.com.br\/noticia\/wp-json\/wp\/v2\/categories?post=2388"},{"taxonomy":"post_tag","embeddable":true,"href":"https:\/\/migracao.redenoticia.com.br\/noticia\/wp-json\/wp\/v2\/tags?post=2388"}],"curies":[{"name":"wp","href":"https:\/\/api.w.org\/{rel}","templated":true}]}}