{"id":238840,"date":"2023-10-30T14:00:55","date_gmt":"2023-10-30T17:00:55","guid":{"rendered":"https:\/\/www.redenoticia.com.br\/noticia\/?p=238840"},"modified":"2023-10-30T14:00:55","modified_gmt":"2023-10-30T17:00:55","slug":"resumo-elas-por-elas-31-10-lara-contrata-edu","status":"publish","type":"post","link":"https:\/\/migracao.redenoticia.com.br\/noticia\/2023\/resumo-elas-por-elas-31-10-lara-contrata-edu\/238840","title":{"rendered":"Resumo &#8220;Elas por Elas&#8221; 31\/10: Lara contrata Edu"},"content":{"rendered":"<p> <img loading=\"lazy\" decoding=\"async\" src=\"https:\/\/migracao.redenoticia.com.br\/noticia\/imagens\/elas-por-elas-resumo-elenco-globo.jpg\" alt=\"\" width=\"1280\" height=\"720\" class=\"aligncenter size-full wp-image-237222\" srcset=\"https:\/\/migracao.redenoticia.com.br\/noticia\/imagens\/elas-por-elas-resumo-elenco-globo.jpg 1280w, https:\/\/migracao.redenoticia.com.br\/noticia\/imagens\/elas-por-elas-resumo-elenco-globo-250x140.jpg 250w, https:\/\/migracao.redenoticia.com.br\/noticia\/imagens\/elas-por-elas-resumo-elenco-globo-400x225.jpg 400w, https:\/\/migracao.redenoticia.com.br\/noticia\/imagens\/elas-por-elas-resumo-elenco-globo-768x432.jpg 768w, https:\/\/migracao.redenoticia.com.br\/noticia\/imagens\/elas-por-elas-resumo-elenco-globo-150x84.jpg 150w\" sizes=\"auto, (max-width: 1280px) 100vw, 1280px\" \/><\/p>\n<p><strong><em>Resumo da novela &#8220;Elas por Elas&#8221;<\/em><\/strong> em 31\/10: no cap\u00edtulo 030(*) da novela, Helena afirma a Jonas que n\u00e3o deixar\u00e1 que ele fique com Adriana. Cris apoia Giovanni. Fagundes garante a S\u00e9rgio que M\u00edriam n\u00e3o incomodar\u00e1 mais. Nat\u00e1lia tem uma crise na cl\u00ednica. Helena culpa Lara pelo fim de seu casamento. \u00c9rica garante a Ren\u00e9e que n\u00e3o reatar\u00e1 com Edu. \u00cdsis faz as pazes com Giovanni. <\/p>\n<p>Lara contrata Edu. Adriana pede que Jonas n\u00e3o a procure mais. Roberto tenta ajudar Lara no escrit\u00f3rio. Edu implora que Ren\u00e9e o ajude com \u00c9rica. \u00cdsis exige que Tony explique por que ele e Cris querem se aproximar dela e de Giovanni. Carol teme que Wanda veja Ulisses em sua casa. Giovanni tem uma crise de ansiedade e n\u00e3o consegue sair de casa.<\/p>\n<p>(*) edi\u00e7\u00e3o das novelas da Globo, &#8220;Elas por Elas&#8221;, sujeito a altera\u00e7\u00e3o de data e conte\u00fado.<\/p>\n<p>Sinopse \u201cElas por Elas\u201d: A trama \u00e9 centrada na hist\u00f3ria de sete amigas dos tempos de col\u00e9gio que n\u00e3o se veem h\u00e1 vinte anos. A mais velha do grupo encontra uma foto das amigas e uma onda de lembran\u00e7as e saudosismo invade sua cabe\u00e7a. Com vontade de reencontr\u00e1-las, ela decide localizar uma por uma e promove uma reuni\u00e3o em sua casa. Todas comparecem ao evento, felizes com o reencontro. No entanto, as lembran\u00e7as do passado e coincid\u00eancias do presente v\u00eam \u00e0 tona, afetando novamente a vida de todas do grupo.<\/p>\n","protected":false},"excerpt":{"rendered":"<p>Resumo da novela &#8220;Elas por Elas&#8221; em 31\/10: no cap\u00edtulo 030(*) da novela, Helena afirma a Jonas que n\u00e3o deixar\u00e1 que ele fique com Adriana. Cris apoia Giovanni. Fagundes garante a S\u00e9rgio que M\u00edriam n\u00e3o incomodar\u00e1 mais. Nat\u00e1lia tem uma crise na cl\u00ednica. Helena culpa Lara pelo fim de seu casamento. \u00c9rica garante a Ren\u00e9e [&hellip;]<\/p>\n","protected":false},"author":3,"featured_media":237224,"comment_status":"closed","ping_status":"closed","sticky":false,"template":"","format":"standard","meta":{"tdm_status":"","tdm_grid_status":"","footnotes":""},"categories":[2318,379,375,2025,343],"tags":[441],"class_list":{"0":"post-238840","1":"post","2":"type-post","3":"status-publish","4":"format-standard","5":"has-post-thumbnail","7":"category-elas-por-elas","8":"category-novelas","9":"category-rede-globo","10":"category-resumo","11":"category-televisao","12":"tag-resumo-do-dia"},"_links":{"self":[{"href":"https:\/\/migracao.redenoticia.com.br\/noticia\/wp-json\/wp\/v2\/posts\/238840","targetHints":{"allow":["GET"]}}],"collection":[{"href":"https:\/\/migracao.redenoticia.com.br\/noticia\/wp-json\/wp\/v2\/posts"}],"about":[{"href":"https:\/\/migracao.redenoticia.com.br\/noticia\/wp-json\/wp\/v2\/types\/post"}],"author":[{"embeddable":true,"href":"https:\/\/migracao.redenoticia.com.br\/noticia\/wp-json\/wp\/v2\/users\/3"}],"replies":[{"embeddable":true,"href":"https:\/\/migracao.redenoticia.com.br\/noticia\/wp-json\/wp\/v2\/comments?post=238840"}],"version-history":[{"count":0,"href":"https:\/\/migracao.redenoticia.com.br\/noticia\/wp-json\/wp\/v2\/posts\/238840\/revisions"}],"wp:featuredmedia":[{"embeddable":true,"href":"https:\/\/migracao.redenoticia.com.br\/noticia\/wp-json\/wp\/v2\/media\/237224"}],"wp:attachment":[{"href":"https:\/\/migracao.redenoticia.com.br\/noticia\/wp-json\/wp\/v2\/media?parent=238840"}],"wp:term":[{"taxonomy":"category","embeddable":true,"href":"https:\/\/migracao.redenoticia.com.br\/noticia\/wp-json\/wp\/v2\/categories?post=238840"},{"taxonomy":"post_tag","embeddable":true,"href":"https:\/\/migracao.redenoticia.com.br\/noticia\/wp-json\/wp\/v2\/tags?post=238840"}],"curies":[{"name":"wp","href":"https:\/\/api.w.org\/{rel}","templated":true}]}}