{"id":238870,"date":"2023-10-31T18:48:03","date_gmt":"2023-10-31T21:48:03","guid":{"rendered":"https:\/\/www.redenoticia.com.br\/noticia\/?p=238870"},"modified":"2023-10-31T18:48:03","modified_gmt":"2023-10-31T21:48:03","slug":"resumo-a-infancia-de-romeu-e-julieta-01-11-mariana-aparece-no-monter-mercado-para-criticar-vera","status":"publish","type":"post","link":"https:\/\/migracao.redenoticia.com.br\/noticia\/2023\/resumo-a-infancia-de-romeu-e-julieta-01-11-mariana-aparece-no-monter-mercado-para-criticar-vera\/238870","title":{"rendered":"Resumo \u201cA Inf\u00e2ncia de Romeu e Julieta\u201d 01\/11: Mariana aparece no Monter Mercado para criticar Vera"},"content":{"rendered":"<p> <img loading=\"lazy\" decoding=\"async\" src=\"https:\/\/migracao.redenoticia.com.br\/noticia\/imagens\/novela-romeu-e-julieta-sbt-elenco-resumo.jpg\" alt=\"\" width=\"1280\" height=\"720\" class=\"aligncenter size-full wp-image-232242\" srcset=\"https:\/\/migracao.redenoticia.com.br\/noticia\/imagens\/novela-romeu-e-julieta-sbt-elenco-resumo.jpg 1280w, https:\/\/migracao.redenoticia.com.br\/noticia\/imagens\/novela-romeu-e-julieta-sbt-elenco-resumo-250x140.jpg 250w, https:\/\/migracao.redenoticia.com.br\/noticia\/imagens\/novela-romeu-e-julieta-sbt-elenco-resumo-400x225.jpg 400w, https:\/\/migracao.redenoticia.com.br\/noticia\/imagens\/novela-romeu-e-julieta-sbt-elenco-resumo-768x432.jpg 768w, https:\/\/migracao.redenoticia.com.br\/noticia\/imagens\/novela-romeu-e-julieta-sbt-elenco-resumo-150x84.jpg 150w\" sizes=\"auto, (max-width: 1280px) 100vw, 1280px\" \/><\/p>\n<p><strong><em>Resumo da novela \u201cA Inf\u00e2ncia de Romeu e Julieta\u201d<\/em><\/strong> em 01\/11: no cap\u00edtulo 128(*) da novela, Em conversa com os membros do Lado Vila e Lado Torre, Romeu e Julieta falam que eles voltaram a se falar, que a briga n\u00e3o faz mais sentido e pedem para fazer um \u00fanico grupo. Nem todos aceitam a ideia de Romeu e Julieta, mas Romeu e Julieta alegam que n\u00e3o v\u00e3o esconder mais a amizade deles. Chilique, F\u00ea Dengosa e Muke encontram um desenho de Trapa\u00e7a e, sem querer, danificam; Trapa\u00e7a descobre e fica chateada. Dimitri, Ellen, Ian e Nath conseguem pegar a chave do cofre de Fausto. Em conversa com Mariana, Sim\u00e3o fala que o contrato do aluguel da casa n\u00e3o necessita envolver imobili\u00e1ria e nem cart\u00f3rio, j\u00e1 que o primo dele confiou em Mariana. Mariana diz a Sim\u00e3o que depositou seis meses de adiantamento na conta do primo dele. Vitor vai at\u00e9 o CEC como representante comercial e revela ao pai H\u00e9lio que a lanchonete do CEC vai ser controlada pelo Monter Mercado; H\u00e9lio pergunta como ele teve coragem de fazer isso com a irm\u00e3, j\u00e1 que o Armaz\u00e9m lucrava com a lanchonete.<\/p>\n<p>Dimitri, Ellen, Ian e Nath v\u00e3o at\u00e9 a casa de Fausto e, com a ajuda de P\u00f3rcia, abrem o cofre de Fausto e tiram foto do caderninho. Ainda na roda dos amigos, Romeu e Julieta pedem ajuda em rela\u00e7\u00e3o \u00e0s fam\u00edlias para ningu\u00e9m dedurar. Aproveitando o momento, Alex faz um an\u00fancio e diz que est\u00e1 mudando para o Lado Vila. Mariana aparece no Monter Mercado para criticar Vera, fala que o Armaz\u00e9m serve o CEC desde a inaugura\u00e7\u00e3o e que ningu\u00e9m conversou com ela ou a Amanda antes da decis\u00e3o. Vera declara a Mariana que a ideia foi de Vitor e Mariana a chama o irm\u00e3o de traidor. Chilique, F\u00ea Dengosa e Muker ajudam Trapa\u00e7a a consertar o desenho; Trapa\u00e7a alega que vai inscrever o desenho no concurso como autoria do grupo todo. Na sorveteria, Nando e Rosalina questionam o motivo de Karen n\u00e3o ficar brava com a mudan\u00e7a de lado de Alex.<\/p>\n<p>(*) edi\u00e7\u00e3o das novelas do SBT, \u201cA Inf\u00e2ncia de Romeu e Julieta\u201d, sujeito a altera\u00e7\u00e3o de data e conte\u00fado.<\/p>\n<p>Sinopse \u201cA Inf\u00e2ncia de Romeu e Julieta\u201d: A Trama se passa no bairro chamado castanheiras, em que duas fam\u00edlias com propostas diferentes para esse bairro vivem em disc\u00f3rdia, sendo divididas entre os lados Torre (Campos) e Vila (Monteiro).[6] Entretanto, Romeu (Miguel \u00c2ngelo) e Julieta (Vitt\u00f3ria Seixas) se conhecem, da\u00ed em diante, as fam\u00edlias rivais t\u00eam uma nova oportunidade de trazer paz e uni\u00e3o entre o conv\u00edvio deles. <\/p>\n<p>Romeu e Julieta n\u00e3o sabem como v\u00e3o fazer para ficarem juntos. A not\u00edcia do romance chega \u00e0s fam\u00edlias, que n\u00e3o gostam nada da hist\u00f3ria e tratam de afasta-los imediatamente, aprontando v\u00e1rias situa\u00e7\u00f5es. Romeu e Julieta querem acabar com essa hostilidade e tentam ir atr\u00e1s de uma solu\u00e7\u00e3o, mas ao descobrirem mais sobre a hist\u00f3ria de seus pais, percebem que pode ser imposs\u00edvel.<\/p>\n","protected":false},"excerpt":{"rendered":"<p>Resumo da novela \u201cA Inf\u00e2ncia de Romeu e Julieta\u201d em 01\/11: no cap\u00edtulo 128(*) da novela, Em conversa com os membros do Lado Vila e Lado Torre, Romeu e Julieta falam que eles voltaram a se falar, que a briga n\u00e3o faz mais sentido e pedem para fazer um \u00fanico grupo. Nem todos aceitam a [&hellip;]<\/p>\n","protected":false},"author":3,"featured_media":232241,"comment_status":"closed","ping_status":"closed","sticky":false,"template":"","format":"standard","meta":{"tdm_status":"","tdm_grid_status":"","footnotes":""},"categories":[2306,379,2025,372,343],"tags":[441],"class_list":{"0":"post-238870","1":"post","2":"type-post","3":"status-publish","4":"format-standard","5":"has-post-thumbnail","7":"category-novela-romeu-e-julieta","8":"category-novelas","9":"category-resumo","10":"category-sbt","11":"category-televisao","12":"tag-resumo-do-dia"},"_links":{"self":[{"href":"https:\/\/migracao.redenoticia.com.br\/noticia\/wp-json\/wp\/v2\/posts\/238870","targetHints":{"allow":["GET"]}}],"collection":[{"href":"https:\/\/migracao.redenoticia.com.br\/noticia\/wp-json\/wp\/v2\/posts"}],"about":[{"href":"https:\/\/migracao.redenoticia.com.br\/noticia\/wp-json\/wp\/v2\/types\/post"}],"author":[{"embeddable":true,"href":"https:\/\/migracao.redenoticia.com.br\/noticia\/wp-json\/wp\/v2\/users\/3"}],"replies":[{"embeddable":true,"href":"https:\/\/migracao.redenoticia.com.br\/noticia\/wp-json\/wp\/v2\/comments?post=238870"}],"version-history":[{"count":0,"href":"https:\/\/migracao.redenoticia.com.br\/noticia\/wp-json\/wp\/v2\/posts\/238870\/revisions"}],"wp:featuredmedia":[{"embeddable":true,"href":"https:\/\/migracao.redenoticia.com.br\/noticia\/wp-json\/wp\/v2\/media\/232241"}],"wp:attachment":[{"href":"https:\/\/migracao.redenoticia.com.br\/noticia\/wp-json\/wp\/v2\/media?parent=238870"}],"wp:term":[{"taxonomy":"category","embeddable":true,"href":"https:\/\/migracao.redenoticia.com.br\/noticia\/wp-json\/wp\/v2\/categories?post=238870"},{"taxonomy":"post_tag","embeddable":true,"href":"https:\/\/migracao.redenoticia.com.br\/noticia\/wp-json\/wp\/v2\/tags?post=238870"}],"curies":[{"name":"wp","href":"https:\/\/api.w.org\/{rel}","templated":true}]}}