{"id":238919,"date":"2023-11-01T19:07:15","date_gmt":"2023-11-01T22:07:15","guid":{"rendered":"https:\/\/www.redenoticia.com.br\/noticia\/?p=238919"},"modified":"2023-11-01T19:07:15","modified_gmt":"2023-11-01T22:07:15","slug":"resumo-elas-por-elas-02-11-tony-desiste-do-plano-de-cris","status":"publish","type":"post","link":"https:\/\/migracao.redenoticia.com.br\/noticia\/2023\/resumo-elas-por-elas-02-11-tony-desiste-do-plano-de-cris\/238919","title":{"rendered":"Resumo &#8220;Elas por Elas&#8221; 02\/11: Tony desiste do plano de Cris"},"content":{"rendered":"<p> <img loading=\"lazy\" decoding=\"async\" src=\"https:\/\/migracao.redenoticia.com.br\/noticia\/imagens\/elas-por-elas-resumo-elenco-globo.jpg\" alt=\"\" width=\"1280\" height=\"720\" class=\"aligncenter size-full wp-image-237222\" srcset=\"https:\/\/migracao.redenoticia.com.br\/noticia\/imagens\/elas-por-elas-resumo-elenco-globo.jpg 1280w, https:\/\/migracao.redenoticia.com.br\/noticia\/imagens\/elas-por-elas-resumo-elenco-globo-250x140.jpg 250w, https:\/\/migracao.redenoticia.com.br\/noticia\/imagens\/elas-por-elas-resumo-elenco-globo-400x225.jpg 400w, https:\/\/migracao.redenoticia.com.br\/noticia\/imagens\/elas-por-elas-resumo-elenco-globo-768x432.jpg 768w, https:\/\/migracao.redenoticia.com.br\/noticia\/imagens\/elas-por-elas-resumo-elenco-globo-150x84.jpg 150w\" sizes=\"auto, (max-width: 1280px) 100vw, 1280px\" \/><\/p>\n<p><strong><em>Resumo da novela &#8220;Elas por Elas&#8221;<\/em><\/strong> em 02\/11: no cap\u00edtulo 032(*) da novela, Adriana discute com Jonas. Tony discute Ren\u00e9e. Jonas tenta reatar com Adriana. Wagner sonda Evil\u00e1sio sobre sua fam\u00edlia. Helena procura Jonas para falar sobre o filho. \u00cdsis conta para Giovanni que almo\u00e7ar\u00e1 com S\u00e9rgio. Yeda conversa com Edu sobre \u00c9rica. Nat\u00e1lia fica surpresa ao saber que Carol est\u00e1 namorando Ulisses. <\/p>\n<p>Tony desiste do plano de Cris. Nat\u00e1lia expulsa Carol da cl\u00ednica. Lara quase flagra Roberto e Vilma arrumando a c\u00e2mera que eles colocaram em sua sala. \u00cdsis chega para o almo\u00e7o com S\u00e9rgio. Carol sugere que Adriana conte a verdade para \u00cdsis sobre o pai dela. Ren\u00e9e descobre que Wagner reapareceu e falou com Evil\u00e1sio.<\/p>\n<p>(*) edi\u00e7\u00e3o das novelas da Globo, &#8220;Elas por Elas&#8221;, sujeito a altera\u00e7\u00e3o de data e conte\u00fado.<\/p>\n<p>Sinopse \u201cElas por Elas\u201d: A trama \u00e9 centrada na hist\u00f3ria de sete amigas dos tempos de col\u00e9gio que n\u00e3o se veem h\u00e1 vinte anos. A mais velha do grupo encontra uma foto das amigas e uma onda de lembran\u00e7as e saudosismo invade sua cabe\u00e7a. Com vontade de reencontr\u00e1-las, ela decide localizar uma por uma e promove uma reuni\u00e3o em sua casa. Todas comparecem ao evento, felizes com o reencontro. No entanto, as lembran\u00e7as do passado e coincid\u00eancias do presente v\u00eam \u00e0 tona, afetando novamente a vida de todas do grupo.<\/p>\n","protected":false},"excerpt":{"rendered":"<p>Resumo da novela &#8220;Elas por Elas&#8221; em 02\/11: no cap\u00edtulo 032(*) da novela, Adriana discute com Jonas. Tony discute Ren\u00e9e. Jonas tenta reatar com Adriana. Wagner sonda Evil\u00e1sio sobre sua fam\u00edlia. Helena procura Jonas para falar sobre o filho. \u00cdsis conta para Giovanni que almo\u00e7ar\u00e1 com S\u00e9rgio. Yeda conversa com Edu sobre \u00c9rica. Nat\u00e1lia fica [&hellip;]<\/p>\n","protected":false},"author":2,"featured_media":237224,"comment_status":"closed","ping_status":"closed","sticky":false,"template":"","format":"standard","meta":{"tdm_status":"","tdm_grid_status":"","footnotes":""},"categories":[2318,379,375,2025,343],"tags":[441],"class_list":{"0":"post-238919","1":"post","2":"type-post","3":"status-publish","4":"format-standard","5":"has-post-thumbnail","7":"category-elas-por-elas","8":"category-novelas","9":"category-rede-globo","10":"category-resumo","11":"category-televisao","12":"tag-resumo-do-dia"},"_links":{"self":[{"href":"https:\/\/migracao.redenoticia.com.br\/noticia\/wp-json\/wp\/v2\/posts\/238919","targetHints":{"allow":["GET"]}}],"collection":[{"href":"https:\/\/migracao.redenoticia.com.br\/noticia\/wp-json\/wp\/v2\/posts"}],"about":[{"href":"https:\/\/migracao.redenoticia.com.br\/noticia\/wp-json\/wp\/v2\/types\/post"}],"author":[{"embeddable":true,"href":"https:\/\/migracao.redenoticia.com.br\/noticia\/wp-json\/wp\/v2\/users\/2"}],"replies":[{"embeddable":true,"href":"https:\/\/migracao.redenoticia.com.br\/noticia\/wp-json\/wp\/v2\/comments?post=238919"}],"version-history":[{"count":0,"href":"https:\/\/migracao.redenoticia.com.br\/noticia\/wp-json\/wp\/v2\/posts\/238919\/revisions"}],"wp:featuredmedia":[{"embeddable":true,"href":"https:\/\/migracao.redenoticia.com.br\/noticia\/wp-json\/wp\/v2\/media\/237224"}],"wp:attachment":[{"href":"https:\/\/migracao.redenoticia.com.br\/noticia\/wp-json\/wp\/v2\/media?parent=238919"}],"wp:term":[{"taxonomy":"category","embeddable":true,"href":"https:\/\/migracao.redenoticia.com.br\/noticia\/wp-json\/wp\/v2\/categories?post=238919"},{"taxonomy":"post_tag","embeddable":true,"href":"https:\/\/migracao.redenoticia.com.br\/noticia\/wp-json\/wp\/v2\/tags?post=238919"}],"curies":[{"name":"wp","href":"https:\/\/api.w.org\/{rel}","templated":true}]}}