{"id":238923,"date":"2023-11-01T19:40:24","date_gmt":"2023-11-01T22:40:24","guid":{"rendered":"https:\/\/www.redenoticia.com.br\/noticia\/?p=238923"},"modified":"2023-11-01T19:40:24","modified_gmt":"2023-11-01T22:40:24","slug":"resumo-fuzue-02-11-miguel-decide-ir-atras-de-luna","status":"publish","type":"post","link":"https:\/\/migracao.redenoticia.com.br\/noticia\/2023\/resumo-fuzue-02-11-miguel-decide-ir-atras-de-luna\/238923","title":{"rendered":"Resumo \u201cFuzu\u00ea\u201d 02\/11: Miguel decide ir atr\u00e1s de Luna"},"content":{"rendered":"<p> <img loading=\"lazy\" decoding=\"async\" src=\"https:\/\/migracao.redenoticia.com.br\/noticia\/imagens\/fuzue-novela-resumo-elenco-globo.jpg\" alt=\"\" width=\"1280\" height=\"720\" class=\"aligncenter size-full wp-image-235541\" srcset=\"https:\/\/migracao.redenoticia.com.br\/noticia\/imagens\/fuzue-novela-resumo-elenco-globo.jpg 1280w, https:\/\/migracao.redenoticia.com.br\/noticia\/imagens\/fuzue-novela-resumo-elenco-globo-250x140.jpg 250w, https:\/\/migracao.redenoticia.com.br\/noticia\/imagens\/fuzue-novela-resumo-elenco-globo-400x225.jpg 400w, https:\/\/migracao.redenoticia.com.br\/noticia\/imagens\/fuzue-novela-resumo-elenco-globo-768x432.jpg 768w, https:\/\/migracao.redenoticia.com.br\/noticia\/imagens\/fuzue-novela-resumo-elenco-globo-150x84.jpg 150w\" sizes=\"auto, (max-width: 1280px) 100vw, 1280px\" \/> <\/p>\n<p><strong><em>Resumo da novela \u201cFuzu\u00ea\u201d<\/em><\/strong> em 02\/11: no cap\u00edtulo 067(*) da novela, Luna pede mais uma vez a ajuda de Merreca. Miguel sugere fazer uma escava\u00e7\u00e3o na Fuzu\u00ea. Bebel se apavora com as decis\u00f5es de Preciosa. Jefinho se preocupa com a baixa repercuss\u00e3o de seu clipe. Luna volta a vender suas pe\u00e7as na rua. Miguel questiona Rui sobre as chaves de lua e sol. <\/p>\n<p>Rejane reclama de Ot\u00e1vio Augusto para Ca\u00edto. Em\u00edlia incentiva Nero a procurar Bebel. Bebel promete se vingar. Luna consegue falar com Cata Ouro. Ol\u00edvia negocia com Preciosa. Miguel decide ir atr\u00e1s de Luna. Preciosa manda Pascoal procurar Ol\u00edvia. Luna decide aceitar a proposta de Tonico e fazer uma dupla rom\u00e2ntica com Jefinho.<\/p>\n<p>(*) edi\u00e7\u00e3o das novelas da Globo, \u201cFuzu\u00ea\u201d, sujeito a altera\u00e7\u00e3o de data e conte\u00fado.<\/p>\n<p>Sinopse \u201cFuzu\u00ea\u201d: Luna (Giovana Cordeiro) \u00e9 uma jovem carism\u00e1tica e batalhadora que se empenha em procurar sua m\u00e3e, Maria Navalha (Ol\u00edvia Ara\u00fajo), vista pela \u00faltima vez na loja Fuzu\u00ea. Durante a investiga\u00e7\u00e3o, Luna se apaixona pelo advogado Miguel (Nicolas Prattes), um dos filhos do empres\u00e1rio e ex-feirante Nero (Edson Celulari), dono da \u201cFuzu\u00ea\u201d. Miguel disputa o amor de Luna com Jefinho Sem Vergonha (Micael Borges), um motorista de aplicativo. Luna tem como sua melhor amiga Soraya Terremoto (Heslaine Vieira), dan\u00e7arina do Beco do Gamb\u00e1, que vive uma rela\u00e7\u00e3o calorosa com Francisco (Michel Joelsas), um dos herdeiros da Fuzu\u00ea, e rejeita as investidas de Merreca (Ruan Aguiar).<\/p>\n<p>Enquanto isso, a gananciosa Preciosa Montebello (Marina Ruy Barbosa), uma poderosa empres\u00e1ria, casada com o corrupto pol\u00edtico Heitor (Felipe Simas), recebe como heran\u00e7a do pai, C\u00e9sar (Leopoldo Pacheco), documentos que indicam a localiza\u00e7\u00e3o de uma fortuna escondida nos terrenos da Fuzu\u00ea. Em meio \u00e0 papelada descobre a exist\u00eancia de uma meia-irm\u00e3, Luna, com quem ela deve dividir o seu patrim\u00f4nio. Preciosa faz o poss\u00edvel para comprar e demolir a loja \u201cFuzu\u00ea\u201d.<\/p>\n","protected":false},"excerpt":{"rendered":"<p>Resumo da novela \u201cFuzu\u00ea\u201d em 02\/11: no cap\u00edtulo 067(*) da novela, Luna pede mais uma vez a ajuda de Merreca. Miguel sugere fazer uma escava\u00e7\u00e3o na Fuzu\u00ea. Bebel se apavora com as decis\u00f5es de Preciosa. Jefinho se preocupa com a baixa repercuss\u00e3o de seu clipe. Luna volta a vender suas pe\u00e7as na rua. Miguel questiona [&hellip;]<\/p>\n","protected":false},"author":4,"featured_media":235540,"comment_status":"closed","ping_status":"closed","sticky":false,"template":"","format":"standard","meta":{"tdm_status":"","tdm_grid_status":"","footnotes":""},"categories":[2314,379,375,2025,343],"tags":[441],"class_list":{"0":"post-238923","1":"post","2":"type-post","3":"status-publish","4":"format-standard","5":"has-post-thumbnail","7":"category-fuzue","8":"category-novelas","9":"category-rede-globo","10":"category-resumo","11":"category-televisao","12":"tag-resumo-do-dia"},"_links":{"self":[{"href":"https:\/\/migracao.redenoticia.com.br\/noticia\/wp-json\/wp\/v2\/posts\/238923","targetHints":{"allow":["GET"]}}],"collection":[{"href":"https:\/\/migracao.redenoticia.com.br\/noticia\/wp-json\/wp\/v2\/posts"}],"about":[{"href":"https:\/\/migracao.redenoticia.com.br\/noticia\/wp-json\/wp\/v2\/types\/post"}],"author":[{"embeddable":true,"href":"https:\/\/migracao.redenoticia.com.br\/noticia\/wp-json\/wp\/v2\/users\/4"}],"replies":[{"embeddable":true,"href":"https:\/\/migracao.redenoticia.com.br\/noticia\/wp-json\/wp\/v2\/comments?post=238923"}],"version-history":[{"count":0,"href":"https:\/\/migracao.redenoticia.com.br\/noticia\/wp-json\/wp\/v2\/posts\/238923\/revisions"}],"wp:featuredmedia":[{"embeddable":true,"href":"https:\/\/migracao.redenoticia.com.br\/noticia\/wp-json\/wp\/v2\/media\/235540"}],"wp:attachment":[{"href":"https:\/\/migracao.redenoticia.com.br\/noticia\/wp-json\/wp\/v2\/media?parent=238923"}],"wp:term":[{"taxonomy":"category","embeddable":true,"href":"https:\/\/migracao.redenoticia.com.br\/noticia\/wp-json\/wp\/v2\/categories?post=238923"},{"taxonomy":"post_tag","embeddable":true,"href":"https:\/\/migracao.redenoticia.com.br\/noticia\/wp-json\/wp\/v2\/tags?post=238923"}],"curies":[{"name":"wp","href":"https:\/\/api.w.org\/{rel}","templated":true}]}}