{"id":238935,"date":"2023-11-01T19:35:25","date_gmt":"2023-11-01T22:35:25","guid":{"rendered":"https:\/\/www.redenoticia.com.br\/noticia\/?p=238935"},"modified":"2023-11-01T19:35:25","modified_gmt":"2023-11-01T22:35:25","slug":"resumo-iludida-02-11-bahar-acorda-e-percebe-que-esta-sangrando","status":"publish","type":"post","link":"https:\/\/migracao.redenoticia.com.br\/noticia\/2023\/resumo-iludida-02-11-bahar-acorda-e-percebe-que-esta-sangrando\/238935","title":{"rendered":"Resumo \u201cIludida\u201d 02\/11: Bahar acorda e percebe que est\u00e1 sangrando"},"content":{"rendered":"<p> <img loading=\"lazy\" decoding=\"async\" class=\"aligncenter size-full wp-image-235992\" src=\"https:\/\/migracao.redenoticia.com.br\/noticia\/imagens\/novela-iludida-logo-resumo-canal-tnt.jpg\" alt=\"\" width=\"1280\" height=\"720\" srcset=\"https:\/\/migracao.redenoticia.com.br\/noticia\/imagens\/novela-iludida-logo-resumo-canal-tnt.jpg 1280w, https:\/\/migracao.redenoticia.com.br\/noticia\/imagens\/novela-iludida-logo-resumo-canal-tnt-250x140.jpg 250w, https:\/\/migracao.redenoticia.com.br\/noticia\/imagens\/novela-iludida-logo-resumo-canal-tnt-400x225.jpg 400w, https:\/\/migracao.redenoticia.com.br\/noticia\/imagens\/novela-iludida-logo-resumo-canal-tnt-768x432.jpg 768w, https:\/\/migracao.redenoticia.com.br\/noticia\/imagens\/novela-iludida-logo-resumo-canal-tnt-150x84.jpg 150w\" sizes=\"auto, (max-width: 1280px) 100vw, 1280px\" \/><\/p>\n<p><strong><em>Resumo da novela \u201cIludida\u201d<\/em><\/strong> em 02\/11: no cap\u00edtulo 094(*) da novela, Ali faz um pedido de desculpas sacramental \u00e0 m\u00e3e. Quando Aras se lembra de tudo, ele vai para a casa onde cresceu e ficou com a fam\u00edlia. Ele entra e olha seus pr\u00f3prios pertences. Quando Asya liga para ele e quer falar sobre Ali e seu desrespeito, eles se encontram na casa dele. Quando ele diz a Asya que se lembra de uma mulher loira, Asya diz que essa mulher pode ser algu\u00e9m importante e diz que eles n\u00e3o deveriam se encontrar e vai embora. <\/p>\n<p>Leyla ainda est\u00e1 procurando por Aras, mas Derin faz de tudo para impedi-la. Ali e Demir entram em outra briga e Volkan est\u00e1 disposto a fazer qualquer coisa para conseguir a guarda de sua filha. &#8230; Leyla, por outro lado, liga para Derin, a \u00fanica pessoa que ela conhece em Tekirda?, e insiste em se encontrar. Leyla pede ajuda a Derin para encontrar Aras. Se Derin for \u00e0 delegacia ou ao hospital, ela se encarrega de procurar Aras porque pode encontr\u00e1-lo. Na verdade, sua amiga Ceren no hospital diz a Leyla que procurou Aras, mas n\u00e3o conseguiu encontr\u00e1-lo. Derin tra\u00e7a um plano prometendo a Ceren que far\u00e1 as pazes com Sel\u00e7uk, mas falha. Nil, por outro lado, se culpa pela separa\u00e7\u00e3o de Sel\u00e7uk e Ceren. Com a sabedoria que recebeu de sua m\u00e3e, Derin age com calma e tranquilidade em rela\u00e7\u00e3o ao processo de div\u00f3rcio contra Volkan. Eles se re\u00fanem com advogados para o div\u00f3rcio. Eles concordam em todas as quest\u00f5es, exceto na cust\u00f3dia da filha. <\/p>\n<p>Derin tenta conversar com Volkan sobre o contencioso div\u00f3rcio e cust\u00f3dia, mas o homem n\u00e3o escuta. Sr. Haluk atribui a ida de Demir ao bar e seu comportamento independente \u00e0 indiferen\u00e7a de sua m\u00e3e e culpa G\u00f6n\u00fcl. Eles ficam nervosos. Quando Bahar acorda, ela percebe que est\u00e1 sangrando. Derya imediatamente o pega e o leva ao hospital. Toda a fam\u00edlia, principalmente Melih, est\u00e1 muito chateada. Os futuros pais rec\u00e9m-casados se reconciliam novamente. Quando Aras descobre que Volkan se mudou para a rua superior de Asya, ele tenta encontrar a casa do homem e falar com ele, mas o homem ainda faz o que quer. Eles brigam na frente da associa\u00e7\u00e3o quando um menino da escola de Ali volta a falar da m\u00e3e. Aras e Asya, que est\u00e3o l\u00e1, os separam. Leyla ouve que h\u00e1 uma associa\u00e7\u00e3o em suas conversas com Derin. Aras \u00e9 filho de uma fam\u00edlia bem estabelecida. Ela sabe que sua fam\u00edlia possui uma fazenda. Ela acha que os membros da associa\u00e7\u00e3o podem conhecer a fam\u00edlia de Aras e decide ir para l\u00e1. Leyla v\u00ea Asya e Aras conversando de m\u00e3os dadas e, enquanto ela est\u00e1 prestes a ir at\u00e9 eles, Kadir tenta impedi-la. Ele avisa a Leyla que Aras perdeu a mem\u00f3ria e ficar\u00e1 chocado se ela contar. Volkan ouviu a conversa deles por acaso; Ele ouve que a mulher \u00e9 esposa de Aras. Ele ganhou um grande trunfo contra o homem.<\/p>\n<p>(*) edi\u00e7\u00e3o das novelas da TNT\/HBO, \u201cIludida\u201d, sujeito a altera\u00e7\u00e3o de data e conte\u00fado.<\/p>\n<p>Sinopse &#8220;Iludida&#8221;: Com apenas 37 anos, Asya \u00e9 vice-diretora e m\u00e9dica em um hospital da cidade de Tekirdag. Al\u00e9m de ter uma carreira profissional de sucesso, leva uma vida tranquila com o seu marido Volkan e seu filho Ali. Ela parece ter tudo: um trabalho perfeito, uma casa linda e uma fam\u00edlia feliz. Asya se sente a mulher mais sortuda do mundo, o que mais ela poderia pedir? Tudo na sua vida parecia ser cor-de-rosa, at\u00e9 que ela descobre um cabelo loiro no cachecol do seu marido, o que a transforma em uma pessoa obsessiva e incapaz de confiar nas pessoas ao seu redor. Por\u00e9m, ela n\u00e3o se engana em desconfiar deles: aos poucos, Asya descobre uma rede de mentiras que a leva a perceber que a sua vida n\u00e3o era t\u00e3o perfeita como ela pensava.<\/p>\n","protected":false},"excerpt":{"rendered":"<p>Resumo da novela \u201cIludida\u201d em 02\/11: no cap\u00edtulo 094(*) da novela, Ali faz um pedido de desculpas sacramental \u00e0 m\u00e3e. Quando Aras se lembra de tudo, ele vai para a casa onde cresceu e ficou com a fam\u00edlia. Ele entra e olha seus pr\u00f3prios pertences. Quando Asya liga para ele e quer falar sobre Ali [&hellip;]<\/p>\n","protected":false},"author":4,"featured_media":235991,"comment_status":"closed","ping_status":"closed","sticky":false,"template":"","format":"standard","meta":{"tdm_status":"","tdm_grid_status":"","footnotes":""},"categories":[2317,379,2025,343,2315],"tags":[441],"class_list":{"0":"post-238935","1":"post","2":"type-post","3":"status-publish","4":"format-standard","5":"has-post-thumbnail","7":"category-iludida","8":"category-novelas","9":"category-resumo","10":"category-televisao","11":"category-tnt","12":"tag-resumo-do-dia"},"_links":{"self":[{"href":"https:\/\/migracao.redenoticia.com.br\/noticia\/wp-json\/wp\/v2\/posts\/238935","targetHints":{"allow":["GET"]}}],"collection":[{"href":"https:\/\/migracao.redenoticia.com.br\/noticia\/wp-json\/wp\/v2\/posts"}],"about":[{"href":"https:\/\/migracao.redenoticia.com.br\/noticia\/wp-json\/wp\/v2\/types\/post"}],"author":[{"embeddable":true,"href":"https:\/\/migracao.redenoticia.com.br\/noticia\/wp-json\/wp\/v2\/users\/4"}],"replies":[{"embeddable":true,"href":"https:\/\/migracao.redenoticia.com.br\/noticia\/wp-json\/wp\/v2\/comments?post=238935"}],"version-history":[{"count":0,"href":"https:\/\/migracao.redenoticia.com.br\/noticia\/wp-json\/wp\/v2\/posts\/238935\/revisions"}],"wp:featuredmedia":[{"embeddable":true,"href":"https:\/\/migracao.redenoticia.com.br\/noticia\/wp-json\/wp\/v2\/media\/235991"}],"wp:attachment":[{"href":"https:\/\/migracao.redenoticia.com.br\/noticia\/wp-json\/wp\/v2\/media?parent=238935"}],"wp:term":[{"taxonomy":"category","embeddable":true,"href":"https:\/\/migracao.redenoticia.com.br\/noticia\/wp-json\/wp\/v2\/categories?post=238935"},{"taxonomy":"post_tag","embeddable":true,"href":"https:\/\/migracao.redenoticia.com.br\/noticia\/wp-json\/wp\/v2\/tags?post=238935"}],"curies":[{"name":"wp","href":"https:\/\/api.w.org\/{rel}","templated":true}]}}