{"id":238981,"date":"2023-11-02T16:20:55","date_gmt":"2023-11-02T19:20:55","guid":{"rendered":"https:\/\/www.redenoticia.com.br\/noticia\/?p=238981"},"modified":"2023-11-02T16:20:55","modified_gmt":"2023-11-02T19:20:55","slug":"resumo-a-infancia-de-romeu-e-julieta-03-11-simao-nao-responde-as-mensagens-de-glaucia","status":"publish","type":"post","link":"https:\/\/migracao.redenoticia.com.br\/noticia\/2023\/resumo-a-infancia-de-romeu-e-julieta-03-11-simao-nao-responde-as-mensagens-de-glaucia\/238981","title":{"rendered":"Resumo \u201cA Inf\u00e2ncia de Romeu e Julieta\u201d 03\/11: Sim\u00e3o n\u00e3o responde as mensagens de Glaucia"},"content":{"rendered":"<p> <img loading=\"lazy\" decoding=\"async\" src=\"https:\/\/migracao.redenoticia.com.br\/noticia\/imagens\/novela-romeu-e-julieta-sbt-elenco-resumo.jpg\" alt=\"\" width=\"1280\" height=\"720\" class=\"aligncenter size-full wp-image-232242\" srcset=\"https:\/\/migracao.redenoticia.com.br\/noticia\/imagens\/novela-romeu-e-julieta-sbt-elenco-resumo.jpg 1280w, https:\/\/migracao.redenoticia.com.br\/noticia\/imagens\/novela-romeu-e-julieta-sbt-elenco-resumo-250x140.jpg 250w, https:\/\/migracao.redenoticia.com.br\/noticia\/imagens\/novela-romeu-e-julieta-sbt-elenco-resumo-400x225.jpg 400w, https:\/\/migracao.redenoticia.com.br\/noticia\/imagens\/novela-romeu-e-julieta-sbt-elenco-resumo-768x432.jpg 768w, https:\/\/migracao.redenoticia.com.br\/noticia\/imagens\/novela-romeu-e-julieta-sbt-elenco-resumo-150x84.jpg 150w\" sizes=\"auto, (max-width: 1280px) 100vw, 1280px\" \/><\/p>\n<p><strong><em>Resumo da novela \u201cA Inf\u00e2ncia de Romeu e Julieta\u201d<\/em><\/strong> em 03\/11: no cap\u00edtulo 130(*) da novela, Com poucos dias para sair de casa, Julieta se emociona lembrando de momentos na casa dos av\u00f4s; Clara acalma a neta com uma mensagem linda. Enzo d\u00e1 largada a competi\u00e7\u00e3o esportiva entre H\u00e9lio e Leandro. Patrick aborda Romeu e diz que a amizade com Julieta n\u00e3o vai ser boa para ela, podendo prejudic\u00e1-la. T\u00e9o orienta a av\u00f3 sobre o perigo da tecnologia. Dimitri, Ellen, Ian e Nath precisam de mais pistas para desvendar o mist\u00e9rio da porta. Alex aparece com L\u00edvia no CEC, mas T\u00e9o n\u00e3o quer ele por perto do grupo. Clara sugere para Dona Onete conversar com Amanda sobre a rela\u00e7\u00e3o \u00e1cida entre elas e tentar resolver.<\/p>\n<p>T\u00e9o revela a Sofia que ela n\u00e3o pode ser capit\u00e3, pois ela \u00e9 p\u00e9ssima como l\u00edder e revela que ele foi ao antigo bairro e descobriu que Sofia foi expulsa do Centro Esportivo do local. Pedalzera v\u00ea Dimitri, Ellen, Ian e Nath com um mapa e acha que \u00e9 um desenho para o concurso; a gangue retira o papel deles. T\u00e9o pede desculpa para Sofia e diz que eles podem revezar como capit\u00e3o e convida ela para uma noite de degusta\u00e7\u00e3o no Armaz\u00e9m. Pedalzera s\u00f3 vai devolver o desenho aos rivais depois do resultado do concurso. Sim\u00e3o n\u00e3o responde as mensagens de Glaucia e ela fica nervosa. Dimitri, Ellen, Ian e Nath invadem o esconderijo do Pedalzera, mas o alarme dispara. Romeu flagra Vera entrando em um lugar misterioso.<\/p>\n<p>(*) edi\u00e7\u00e3o das novelas do SBT, \u201cA Inf\u00e2ncia de Romeu e Julieta\u201d, sujeito a altera\u00e7\u00e3o de data e conte\u00fado.<\/p>\n<p>Sinopse \u201cA Inf\u00e2ncia de Romeu e Julieta\u201d: A Trama se passa no bairro chamado castanheiras, em que duas fam\u00edlias com propostas diferentes para esse bairro vivem em disc\u00f3rdia, sendo divididas entre os lados Torre (Campos) e Vila (Monteiro).[6] Entretanto, Romeu (Miguel \u00c2ngelo) e Julieta (Vitt\u00f3ria Seixas) se conhecem, da\u00ed em diante, as fam\u00edlias rivais t\u00eam uma nova oportunidade de trazer paz e uni\u00e3o entre o conv\u00edvio deles. <\/p>\n<p>Romeu e Julieta n\u00e3o sabem como v\u00e3o fazer para ficarem juntos. A not\u00edcia do romance chega \u00e0s fam\u00edlias, que n\u00e3o gostam nada da hist\u00f3ria e tratam de afasta-los imediatamente, aprontando v\u00e1rias situa\u00e7\u00f5es. Romeu e Julieta querem acabar com essa hostilidade e tentam ir atr\u00e1s de uma solu\u00e7\u00e3o, mas ao descobrirem mais sobre a hist\u00f3ria de seus pais, percebem que pode ser imposs\u00edvel.<\/p>\n","protected":false},"excerpt":{"rendered":"<p>Resumo da novela \u201cA Inf\u00e2ncia de Romeu e Julieta\u201d em 03\/11: no cap\u00edtulo 130(*) da novela, Com poucos dias para sair de casa, Julieta se emociona lembrando de momentos na casa dos av\u00f4s; Clara acalma a neta com uma mensagem linda. Enzo d\u00e1 largada a competi\u00e7\u00e3o esportiva entre H\u00e9lio e Leandro. Patrick aborda Romeu e [&hellip;]<\/p>\n","protected":false},"author":5,"featured_media":232241,"comment_status":"closed","ping_status":"closed","sticky":false,"template":"","format":"standard","meta":{"tdm_status":"","tdm_grid_status":"","footnotes":""},"categories":[2306,379,2025,372,343],"tags":[441],"class_list":{"0":"post-238981","1":"post","2":"type-post","3":"status-publish","4":"format-standard","5":"has-post-thumbnail","7":"category-novela-romeu-e-julieta","8":"category-novelas","9":"category-resumo","10":"category-sbt","11":"category-televisao","12":"tag-resumo-do-dia"},"_links":{"self":[{"href":"https:\/\/migracao.redenoticia.com.br\/noticia\/wp-json\/wp\/v2\/posts\/238981","targetHints":{"allow":["GET"]}}],"collection":[{"href":"https:\/\/migracao.redenoticia.com.br\/noticia\/wp-json\/wp\/v2\/posts"}],"about":[{"href":"https:\/\/migracao.redenoticia.com.br\/noticia\/wp-json\/wp\/v2\/types\/post"}],"author":[{"embeddable":true,"href":"https:\/\/migracao.redenoticia.com.br\/noticia\/wp-json\/wp\/v2\/users\/5"}],"replies":[{"embeddable":true,"href":"https:\/\/migracao.redenoticia.com.br\/noticia\/wp-json\/wp\/v2\/comments?post=238981"}],"version-history":[{"count":0,"href":"https:\/\/migracao.redenoticia.com.br\/noticia\/wp-json\/wp\/v2\/posts\/238981\/revisions"}],"wp:featuredmedia":[{"embeddable":true,"href":"https:\/\/migracao.redenoticia.com.br\/noticia\/wp-json\/wp\/v2\/media\/232241"}],"wp:attachment":[{"href":"https:\/\/migracao.redenoticia.com.br\/noticia\/wp-json\/wp\/v2\/media?parent=238981"}],"wp:term":[{"taxonomy":"category","embeddable":true,"href":"https:\/\/migracao.redenoticia.com.br\/noticia\/wp-json\/wp\/v2\/categories?post=238981"},{"taxonomy":"post_tag","embeddable":true,"href":"https:\/\/migracao.redenoticia.com.br\/noticia\/wp-json\/wp\/v2\/tags?post=238981"}],"curies":[{"name":"wp","href":"https:\/\/api.w.org\/{rel}","templated":true}]}}