{"id":238991,"date":"2023-11-02T18:05:20","date_gmt":"2023-11-02T21:05:20","guid":{"rendered":"https:\/\/www.redenoticia.com.br\/noticia\/?p=238991"},"modified":"2023-11-02T18:05:20","modified_gmt":"2023-11-02T21:05:20","slug":"resumo-iludida-03-11-leyla-finalmente-encontra-aras","status":"publish","type":"post","link":"https:\/\/migracao.redenoticia.com.br\/noticia\/2023\/resumo-iludida-03-11-leyla-finalmente-encontra-aras\/238991","title":{"rendered":"Resumo \u201cIludida\u201d 03\/11: Leyla finalmente encontra Aras"},"content":{"rendered":"<p> <img loading=\"lazy\" decoding=\"async\" class=\"aligncenter size-full wp-image-235992\" src=\"https:\/\/migracao.redenoticia.com.br\/noticia\/imagens\/novela-iludida-logo-resumo-canal-tnt.jpg\" alt=\"\" width=\"1280\" height=\"720\" srcset=\"https:\/\/migracao.redenoticia.com.br\/noticia\/imagens\/novela-iludida-logo-resumo-canal-tnt.jpg 1280w, https:\/\/migracao.redenoticia.com.br\/noticia\/imagens\/novela-iludida-logo-resumo-canal-tnt-250x140.jpg 250w, https:\/\/migracao.redenoticia.com.br\/noticia\/imagens\/novela-iludida-logo-resumo-canal-tnt-400x225.jpg 400w, https:\/\/migracao.redenoticia.com.br\/noticia\/imagens\/novela-iludida-logo-resumo-canal-tnt-768x432.jpg 768w, https:\/\/migracao.redenoticia.com.br\/noticia\/imagens\/novela-iludida-logo-resumo-canal-tnt-150x84.jpg 150w\" sizes=\"auto, (max-width: 1280px) 100vw, 1280px\" \/><\/p>\n<p><strong><em>Resumo da novela \u201cIludida\u201d<\/em><\/strong> em 03\/11: no cap\u00edtulo 095(*) da novela, Um menino da escola de Ali volta a falar da m\u00e3e. Aras e Asya, que est\u00e3o l\u00e1, os separam. Leyla ouve que h\u00e1 uma associa\u00e7\u00e3o em suas conversas com Derin. Aras \u00e9 filho de uma fam\u00edlia bem estabelecida. Ela sabe que sua fam\u00edlia possui uma fazenda. Ela acha que os membros da associa\u00e7\u00e3o podem conhecer a fam\u00edlia de Aras e decide ir para l\u00e1. Leyla v\u00ea Asya e Aras conversando de m\u00e3os dadas e, enquanto ela est\u00e1 prestes a ir at\u00e9 eles, Kadir tenta impedi-la. Ele avisa a Leyla que Aras perdeu a mem\u00f3ria e ficar\u00e1 chocado se ela contar. Volkan ouviu a conversa deles por acaso; Ele ouve que a mulher \u00e9 esposa de Aras. Ele ganhou um grande trunfo contra o homem.<\/p>\n<p>Leyla finalmente encontra Aras, mas ele tem um plano para se livrar dela. Enquanto Volkan investiga os antecedentes de Aras e Leyla, Ali se arrepende do que fez e quer se desculpar com sua m\u00e3e. &#8230; Volkan ouve a conversa de Leyla e Kadir no jardim da funda\u00e7\u00e3o. A mulher diz que Aras \u00e9 seu marido. Volkan se cont\u00e9m pela primeira vez e n\u00e3o conta isso a Asya naquele momento. O amigo de Ali diz a Volkan e Asya que eles v\u00e3o brigar com os meninos com quem Demir e Ali acabaram de discutir. Eles imediatamente terminam o incidente antes que ele comece. Ali novamente diz coisas muito rudes e rudes para sua m\u00e3e. Asya est\u00e1 muito chateada. Ele desliga o telefone e pensa um pouco. Naquele momento, Volkan diz a Ali para agir com calma e pedir desculpas \u00e0 m\u00e3e. Asya liga para G\u00f6n\u00fcl. Eles encontram. <\/p>\n<p>Asya diz a Demir que \u00e9 bom para eles serem amigos de seu filho e apoiarem um ao outro, mas eles deveriam impedir um ao outro em acontecimentos ruins. G\u00f6n\u00fcl ent\u00e3o diz coisas semelhantes a Ali. Sel\u00e7uk tamb\u00e9m diz a Ali que se arrepende das palavras que disse \u00e0 m\u00e3e quando a perdeu. Aras pede que Kadir mantenha Leyla ocupada por um tempo. Kadir avisa a Leyla que Aras perdeu a mem\u00f3ria e que ela n\u00e3o deveria aparecer na frente dele de repente. Aras vai ao encontro de Leyla. A princ\u00edpio ela diz que n\u00e3o se lembra, mas depois pergunta por que o traiu com seu primo Mehmet. Ele diz que quer o div\u00f3rcio. Leyla entra no corredor atr\u00e1s de Aras e segura a m\u00e3o do homem. Algu\u00e9m tira fotos e as envia para Volkan. Ele imediatamente vai at\u00e9 Asya e conta a ela o que sabe. A mulher est\u00e1 arrasada  Aras tem medo de perder Asya. Ele espera que o advogado para quem ligou no exterior pe\u00e7a o div\u00f3rcio de sua esposa antes de lhe contar o que se lembra. Asya, por outro lado, perdeu a confian\u00e7a no homem por causa do que aprendeu com Volkan e das fotos que viu. Ele fica longe usando Ali como desculpa.<\/p>\n<p>(*) edi\u00e7\u00e3o das novelas da TNT\/HBO, \u201cIludida\u201d, sujeito a altera\u00e7\u00e3o de data e conte\u00fado.<\/p>\n<p>Sinopse &#8220;Iludida&#8221;: Com apenas 37 anos, Asya \u00e9 vice-diretora e m\u00e9dica em um hospital da cidade de Tekirdag. Al\u00e9m de ter uma carreira profissional de sucesso, leva uma vida tranquila com o seu marido Volkan e seu filho Ali. Ela parece ter tudo: um trabalho perfeito, uma casa linda e uma fam\u00edlia feliz. Asya se sente a mulher mais sortuda do mundo, o que mais ela poderia pedir? Tudo na sua vida parecia ser cor-de-rosa, at\u00e9 que ela descobre um cabelo loiro no cachecol do seu marido, o que a transforma em uma pessoa obsessiva e incapaz de confiar nas pessoas ao seu redor. Por\u00e9m, ela n\u00e3o se engana em desconfiar deles: aos poucos, Asya descobre uma rede de mentiras que a leva a perceber que a sua vida n\u00e3o era t\u00e3o perfeita como ela pensava.<\/p>\n","protected":false},"excerpt":{"rendered":"<p>Resumo da novela \u201cIludida\u201d em 03\/11: no cap\u00edtulo 095(*) da novela, Um menino da escola de Ali volta a falar da m\u00e3e. Aras e Asya, que est\u00e3o l\u00e1, os separam. Leyla ouve que h\u00e1 uma associa\u00e7\u00e3o em suas conversas com Derin. Aras \u00e9 filho de uma fam\u00edlia bem estabelecida. Ela sabe que sua fam\u00edlia possui [&hellip;]<\/p>\n","protected":false},"author":2,"featured_media":235991,"comment_status":"closed","ping_status":"closed","sticky":false,"template":"","format":"standard","meta":{"tdm_status":"","tdm_grid_status":"","footnotes":""},"categories":[2317,379,2025,343,2315],"tags":[441],"class_list":{"0":"post-238991","1":"post","2":"type-post","3":"status-publish","4":"format-standard","5":"has-post-thumbnail","7":"category-iludida","8":"category-novelas","9":"category-resumo","10":"category-televisao","11":"category-tnt","12":"tag-resumo-do-dia"},"_links":{"self":[{"href":"https:\/\/migracao.redenoticia.com.br\/noticia\/wp-json\/wp\/v2\/posts\/238991","targetHints":{"allow":["GET"]}}],"collection":[{"href":"https:\/\/migracao.redenoticia.com.br\/noticia\/wp-json\/wp\/v2\/posts"}],"about":[{"href":"https:\/\/migracao.redenoticia.com.br\/noticia\/wp-json\/wp\/v2\/types\/post"}],"author":[{"embeddable":true,"href":"https:\/\/migracao.redenoticia.com.br\/noticia\/wp-json\/wp\/v2\/users\/2"}],"replies":[{"embeddable":true,"href":"https:\/\/migracao.redenoticia.com.br\/noticia\/wp-json\/wp\/v2\/comments?post=238991"}],"version-history":[{"count":0,"href":"https:\/\/migracao.redenoticia.com.br\/noticia\/wp-json\/wp\/v2\/posts\/238991\/revisions"}],"wp:featuredmedia":[{"embeddable":true,"href":"https:\/\/migracao.redenoticia.com.br\/noticia\/wp-json\/wp\/v2\/media\/235991"}],"wp:attachment":[{"href":"https:\/\/migracao.redenoticia.com.br\/noticia\/wp-json\/wp\/v2\/media?parent=238991"}],"wp:term":[{"taxonomy":"category","embeddable":true,"href":"https:\/\/migracao.redenoticia.com.br\/noticia\/wp-json\/wp\/v2\/categories?post=238991"},{"taxonomy":"post_tag","embeddable":true,"href":"https:\/\/migracao.redenoticia.com.br\/noticia\/wp-json\/wp\/v2\/tags?post=238991"}],"curies":[{"name":"wp","href":"https:\/\/api.w.org\/{rel}","templated":true}]}}