{"id":238995,"date":"2023-11-02T18:21:51","date_gmt":"2023-11-02T21:21:51","guid":{"rendered":"https:\/\/www.redenoticia.com.br\/noticia\/?p=238995"},"modified":"2023-11-02T18:21:51","modified_gmt":"2023-11-02T21:21:51","slug":"resumo-elas-por-elas-03-11-roberto-se-faz-de-ofendido-na-frente-de-lara","status":"publish","type":"post","link":"https:\/\/migracao.redenoticia.com.br\/noticia\/2023\/resumo-elas-por-elas-03-11-roberto-se-faz-de-ofendido-na-frente-de-lara\/238995","title":{"rendered":"Resumo &#8220;Elas por Elas&#8221; 03\/11: Roberto se faz de ofendido na frente de Lara"},"content":{"rendered":"<p> <img loading=\"lazy\" decoding=\"async\" src=\"https:\/\/migracao.redenoticia.com.br\/noticia\/imagens\/elas-por-elas-resumo-elenco-globo.jpg\" alt=\"\" width=\"1280\" height=\"720\" class=\"aligncenter size-full wp-image-237222\" srcset=\"https:\/\/migracao.redenoticia.com.br\/noticia\/imagens\/elas-por-elas-resumo-elenco-globo.jpg 1280w, https:\/\/migracao.redenoticia.com.br\/noticia\/imagens\/elas-por-elas-resumo-elenco-globo-250x140.jpg 250w, https:\/\/migracao.redenoticia.com.br\/noticia\/imagens\/elas-por-elas-resumo-elenco-globo-400x225.jpg 400w, https:\/\/migracao.redenoticia.com.br\/noticia\/imagens\/elas-por-elas-resumo-elenco-globo-768x432.jpg 768w, https:\/\/migracao.redenoticia.com.br\/noticia\/imagens\/elas-por-elas-resumo-elenco-globo-150x84.jpg 150w\" sizes=\"auto, (max-width: 1280px) 100vw, 1280px\" \/><\/p>\n<p><strong><em>Resumo da novela &#8220;Elas por Elas&#8221;<\/em><\/strong> em 03\/11: no cap\u00edtulo 033(*) da novela, Ren\u00e9e pede para Evil\u00e1sio avis\u00e1-la quando encontrar Wagner. Adriana alerta Carol sobre Nat\u00e1lia. L\u00edgia observa Nat\u00e1lia reclamar de Carol. Cris convence Tony a continuar com o plano. Silas aborda Ta\u00eds. Roberto se faz de ofendido na frente de Lara. Ren\u00e9e conta para Vic sobre Wagner. <\/p>\n<p>Nat\u00e1lia avisa a Pedro que n\u00e3o quer mais receber visitas. Wanda v\u00ea Carol e Ulisses juntos. Ta\u00eds conta para Lara sobre o encontro com Silas. Helena amea\u00e7a Jonas para afasta-lo de Adriana. Tony se reconcilia com Ren\u00e9e e Vic. Edu tenta se entender com \u00c9rica. Helena reclama de Adriana para S\u00e9rgio. Adriana procura Jonas.<\/p>\n<p>(*) edi\u00e7\u00e3o das novelas da Globo, &#8220;Elas por Elas&#8221;, sujeito a altera\u00e7\u00e3o de data e conte\u00fado.<\/p>\n<p>Sinopse \u201cElas por Elas\u201d: A trama \u00e9 centrada na hist\u00f3ria de sete amigas dos tempos de col\u00e9gio que n\u00e3o se veem h\u00e1 vinte anos. A mais velha do grupo encontra uma foto das amigas e uma onda de lembran\u00e7as e saudosismo invade sua cabe\u00e7a. Com vontade de reencontr\u00e1-las, ela decide localizar uma por uma e promove uma reuni\u00e3o em sua casa. Todas comparecem ao evento, felizes com o reencontro. No entanto, as lembran\u00e7as do passado e coincid\u00eancias do presente v\u00eam \u00e0 tona, afetando novamente a vida de todas do grupo.<\/p>\n","protected":false},"excerpt":{"rendered":"<p>Resumo da novela &#8220;Elas por Elas&#8221; em 03\/11: no cap\u00edtulo 033(*) da novela, Ren\u00e9e pede para Evil\u00e1sio avis\u00e1-la quando encontrar Wagner. Adriana alerta Carol sobre Nat\u00e1lia. L\u00edgia observa Nat\u00e1lia reclamar de Carol. Cris convence Tony a continuar com o plano. Silas aborda Ta\u00eds. Roberto se faz de ofendido na frente de Lara. Ren\u00e9e conta para [&hellip;]<\/p>\n","protected":false},"author":5,"featured_media":237224,"comment_status":"closed","ping_status":"closed","sticky":false,"template":"","format":"standard","meta":{"tdm_status":"","tdm_grid_status":"","footnotes":""},"categories":[2318,379,375,2025,343],"tags":[441],"class_list":{"0":"post-238995","1":"post","2":"type-post","3":"status-publish","4":"format-standard","5":"has-post-thumbnail","7":"category-elas-por-elas","8":"category-novelas","9":"category-rede-globo","10":"category-resumo","11":"category-televisao","12":"tag-resumo-do-dia"},"_links":{"self":[{"href":"https:\/\/migracao.redenoticia.com.br\/noticia\/wp-json\/wp\/v2\/posts\/238995","targetHints":{"allow":["GET"]}}],"collection":[{"href":"https:\/\/migracao.redenoticia.com.br\/noticia\/wp-json\/wp\/v2\/posts"}],"about":[{"href":"https:\/\/migracao.redenoticia.com.br\/noticia\/wp-json\/wp\/v2\/types\/post"}],"author":[{"embeddable":true,"href":"https:\/\/migracao.redenoticia.com.br\/noticia\/wp-json\/wp\/v2\/users\/5"}],"replies":[{"embeddable":true,"href":"https:\/\/migracao.redenoticia.com.br\/noticia\/wp-json\/wp\/v2\/comments?post=238995"}],"version-history":[{"count":0,"href":"https:\/\/migracao.redenoticia.com.br\/noticia\/wp-json\/wp\/v2\/posts\/238995\/revisions"}],"wp:featuredmedia":[{"embeddable":true,"href":"https:\/\/migracao.redenoticia.com.br\/noticia\/wp-json\/wp\/v2\/media\/237224"}],"wp:attachment":[{"href":"https:\/\/migracao.redenoticia.com.br\/noticia\/wp-json\/wp\/v2\/media?parent=238995"}],"wp:term":[{"taxonomy":"category","embeddable":true,"href":"https:\/\/migracao.redenoticia.com.br\/noticia\/wp-json\/wp\/v2\/categories?post=238995"},{"taxonomy":"post_tag","embeddable":true,"href":"https:\/\/migracao.redenoticia.com.br\/noticia\/wp-json\/wp\/v2\/tags?post=238995"}],"curies":[{"name":"wp","href":"https:\/\/api.w.org\/{rel}","templated":true}]}}