{"id":239042,"date":"2023-11-04T13:46:53","date_gmt":"2023-11-04T16:46:53","guid":{"rendered":"https:\/\/www.redenoticia.com.br\/noticia\/?p=239042"},"modified":"2023-11-04T13:46:53","modified_gmt":"2023-11-04T16:46:53","slug":"resumo-iludida-06-11-derya-percebe-que-foi-enganada-por-kadir","status":"publish","type":"post","link":"https:\/\/migracao.redenoticia.com.br\/noticia\/2023\/resumo-iludida-06-11-derya-percebe-que-foi-enganada-por-kadir\/239042","title":{"rendered":"Resumo \u201cIludida\u201d 06\/11: Derya percebe que foi enganada por Kadir"},"content":{"rendered":"<p> <img loading=\"lazy\" decoding=\"async\" class=\"aligncenter size-full wp-image-235992\" src=\"https:\/\/migracao.redenoticia.com.br\/noticia\/imagens\/novela-iludida-logo-resumo-canal-tnt.jpg\" alt=\"\" width=\"1280\" height=\"720\" srcset=\"https:\/\/migracao.redenoticia.com.br\/noticia\/imagens\/novela-iludida-logo-resumo-canal-tnt.jpg 1280w, https:\/\/migracao.redenoticia.com.br\/noticia\/imagens\/novela-iludida-logo-resumo-canal-tnt-250x140.jpg 250w, https:\/\/migracao.redenoticia.com.br\/noticia\/imagens\/novela-iludida-logo-resumo-canal-tnt-400x225.jpg 400w, https:\/\/migracao.redenoticia.com.br\/noticia\/imagens\/novela-iludida-logo-resumo-canal-tnt-768x432.jpg 768w, https:\/\/migracao.redenoticia.com.br\/noticia\/imagens\/novela-iludida-logo-resumo-canal-tnt-150x84.jpg 150w\" sizes=\"auto, (max-width: 1280px) 100vw, 1280px\" \/><\/p>\n<p><strong><em>Resumo da novela \u201cIludida\u201d<\/em><\/strong> em 06\/11: no cap\u00edtulo 096(*) da novela, O plano de Aras \u00e9 fingir que n\u00e3o se lembra de Leyla para se ver livre dela. Volkan descobre que Aras \u00e9 casado e Derya percebe que foi enganada por Kadir. Enquanto isso, Leyla espera uma explica\u00e7\u00e3o de Derin. &#8230; Aras vai ao encontro de Leyla. A princ\u00edpio ela diz que n\u00e3o se lembra, mas depois pergunta por que o traiu com seu primo Mehmet. Ele diz que quer o div\u00f3rcio. Leyla entra no corredor atr\u00e1s de Aras e segura a m\u00e3o do homem. Algu\u00e9m tira fotos e as envia para Volkan. Ele imediatamente vai at\u00e9 Asya e conta a ela o que sabe. A mulher est\u00e1 arrasada. <\/p>\n<p>Aras tem medo de perder Asya. Ele espera que o advogado para quem ligou no exterior pe\u00e7a o div\u00f3rcio de sua esposa antes de lhe contar o que se lembra. Asya, por outro lado, perdeu a confian\u00e7a no homem por causa do que aprendeu com Volkan e das fotos que viu. Ele fica longe usando Ali como desculpa. Ao falar sobre o div\u00f3rcio com Derin, Volkan diz ter provas de que conseguir\u00e1 a cust\u00f3dia de sua filha. Derin diz a seu advogado para fazer o poss\u00edvel para prolongar o processo de div\u00f3rcio. Haluk conversa com Volkan e lhe oferece dinheiro para abrir m\u00e3o da cust\u00f3dia. Volkan n\u00e3o aceita isso. <\/p>\n<p>(*) edi\u00e7\u00e3o das novelas da TNT\/HBO, \u201cIludida\u201d, sujeito a altera\u00e7\u00e3o de data e conte\u00fado.<\/p>\n<p>Sinopse &#8220;Iludida&#8221;: Com apenas 37 anos, Asya \u00e9 vice-diretora e m\u00e9dica em um hospital da cidade de Tekirdag. Al\u00e9m de ter uma carreira profissional de sucesso, leva uma vida tranquila com o seu marido Volkan e seu filho Ali. Ela parece ter tudo: um trabalho perfeito, uma casa linda e uma fam\u00edlia feliz. Asya se sente a mulher mais sortuda do mundo, o que mais ela poderia pedir? Tudo na sua vida parecia ser cor-de-rosa, at\u00e9 que ela descobre um cabelo loiro no cachecol do seu marido, o que a transforma em uma pessoa obsessiva e incapaz de confiar nas pessoas ao seu redor. Por\u00e9m, ela n\u00e3o se engana em desconfiar deles: aos poucos, Asya descobre uma rede de mentiras que a leva a perceber que a sua vida n\u00e3o era t\u00e3o perfeita como ela pensava.<\/p>\n","protected":false},"excerpt":{"rendered":"<p>Resumo da novela \u201cIludida\u201d em 06\/11: no cap\u00edtulo 096(*) da novela, O plano de Aras \u00e9 fingir que n\u00e3o se lembra de Leyla para se ver livre dela. Volkan descobre que Aras \u00e9 casado e Derya percebe que foi enganada por Kadir. Enquanto isso, Leyla espera uma explica\u00e7\u00e3o de Derin. &#8230; Aras vai ao encontro [&hellip;]<\/p>\n","protected":false},"author":3,"featured_media":235991,"comment_status":"closed","ping_status":"closed","sticky":false,"template":"","format":"standard","meta":{"tdm_status":"","tdm_grid_status":"","footnotes":""},"categories":[2317,379,2025,343,2315],"tags":[441],"class_list":{"0":"post-239042","1":"post","2":"type-post","3":"status-publish","4":"format-standard","5":"has-post-thumbnail","7":"category-iludida","8":"category-novelas","9":"category-resumo","10":"category-televisao","11":"category-tnt","12":"tag-resumo-do-dia"},"_links":{"self":[{"href":"https:\/\/migracao.redenoticia.com.br\/noticia\/wp-json\/wp\/v2\/posts\/239042","targetHints":{"allow":["GET"]}}],"collection":[{"href":"https:\/\/migracao.redenoticia.com.br\/noticia\/wp-json\/wp\/v2\/posts"}],"about":[{"href":"https:\/\/migracao.redenoticia.com.br\/noticia\/wp-json\/wp\/v2\/types\/post"}],"author":[{"embeddable":true,"href":"https:\/\/migracao.redenoticia.com.br\/noticia\/wp-json\/wp\/v2\/users\/3"}],"replies":[{"embeddable":true,"href":"https:\/\/migracao.redenoticia.com.br\/noticia\/wp-json\/wp\/v2\/comments?post=239042"}],"version-history":[{"count":0,"href":"https:\/\/migracao.redenoticia.com.br\/noticia\/wp-json\/wp\/v2\/posts\/239042\/revisions"}],"wp:featuredmedia":[{"embeddable":true,"href":"https:\/\/migracao.redenoticia.com.br\/noticia\/wp-json\/wp\/v2\/media\/235991"}],"wp:attachment":[{"href":"https:\/\/migracao.redenoticia.com.br\/noticia\/wp-json\/wp\/v2\/media?parent=239042"}],"wp:term":[{"taxonomy":"category","embeddable":true,"href":"https:\/\/migracao.redenoticia.com.br\/noticia\/wp-json\/wp\/v2\/categories?post=239042"},{"taxonomy":"post_tag","embeddable":true,"href":"https:\/\/migracao.redenoticia.com.br\/noticia\/wp-json\/wp\/v2\/tags?post=239042"}],"curies":[{"name":"wp","href":"https:\/\/api.w.org\/{rel}","templated":true}]}}