{"id":239043,"date":"2023-11-04T13:47:28","date_gmt":"2023-11-04T16:47:28","guid":{"rendered":"https:\/\/www.redenoticia.com.br\/noticia\/?p=239043"},"modified":"2023-11-04T13:47:28","modified_gmt":"2023-11-04T16:47:28","slug":"resumo-sera-isso-amor-06-11-ceren-corta-as-fotos-de-eda","status":"publish","type":"post","link":"https:\/\/migracao.redenoticia.com.br\/noticia\/2023\/resumo-sera-isso-amor-06-11-ceren-corta-as-fotos-de-eda\/239043","title":{"rendered":"Resumo \u201cSer\u00e1 Isso Amor?\u201d 06\/11: Ceren corta as fotos de Eda"},"content":{"rendered":"<p> <img loading=\"lazy\" decoding=\"async\" class=\"aligncenter size-full wp-image-235988\" src=\"https:\/\/migracao.redenoticia.com.br\/noticia\/imagens\/novela-sera-isso-amor-tnt-resumo-elenco.jpg\" alt=\"\" width=\"1280\" height=\"720\" srcset=\"https:\/\/migracao.redenoticia.com.br\/noticia\/imagens\/novela-sera-isso-amor-tnt-resumo-elenco.jpg 1280w, https:\/\/migracao.redenoticia.com.br\/noticia\/imagens\/novela-sera-isso-amor-tnt-resumo-elenco-250x140.jpg 250w, https:\/\/migracao.redenoticia.com.br\/noticia\/imagens\/novela-sera-isso-amor-tnt-resumo-elenco-400x225.jpg 400w, https:\/\/migracao.redenoticia.com.br\/noticia\/imagens\/novela-sera-isso-amor-tnt-resumo-elenco-768x432.jpg 768w, https:\/\/migracao.redenoticia.com.br\/noticia\/imagens\/novela-sera-isso-amor-tnt-resumo-elenco-150x84.jpg 150w\" sizes=\"auto, (max-width: 1280px) 100vw, 1280px\" \/><\/p>\n<p><strong><em>Resumo da novela \u201cSer\u00e1 Isso Amor?\u201d<\/em><\/strong> em 06\/11: no cap\u00edtulo 096(*) da novela, Erdem e Leyla armam um plano para n\u00e3o passar o Dia dos Namorados sozinhos. Enquanto isso, Aydan fica brava com Ayfer e faz uma visita a ela. &#8230; Eda conta a Serkan que ela e Deniz encontraram uma estrela \u00e0 beira-mar, colocaram as m\u00e3os um em cima do outro e prometeram um ao outro que se casariam no futuro. Mesmo que Eda ache isso um pouco demais, ela est\u00e1 disposta a dizer &#8220;OK&#8221; a qualquer coisa que traga Serkan de volta. Mesmo que Serkan n\u00e3o esteja com ci\u00fames, h\u00e1 pontos de interroga\u00e7\u00e3o em sua mente. Mesmo n\u00e3o se lembrando, ele n\u00e3o aguenta o fato de Eda n\u00e3o conseguir esquec\u00ea-lo e amar Deniz mesmo quando est\u00e1 com ele. <\/p>\n<p>Ceren literalmente come\u00e7a a agir como adolescente. Ela come\u00e7a a ter ci\u00fames de Deniz e Eda e a guardar rancor do amigo. Ferit quer falar com Ceren, mas ele fica furioso. Por fim, ele fica sabendo por Melo que Ceren pode n\u00e3o ter tomado o rem\u00e9dio. Ferit entra na casa da garota enquanto ela est\u00e1 fora e olha em volta. Ela cortou as fotos de Eda. <\/p>\n<p>Ceren vai at\u00e9 Deniz e o beija. O jovem reage. Engin divide tudo para deixar sua esposa confort\u00e1vel durante a gravidez, para dar vitaminas ao beb\u00ea e para comprar brinquedos. Mas embora Piril pense que o marido esqueceu o Dia dos Namorados, Engin n\u00e3o se esqueceu de comprar um presente. Piril ficar\u00e1 muito feliz. Erdem e Leyla unem for\u00e7as para evitar passar o Dia dos Namorados sem amantes. Eles entram em contato com todos que conhecem, mas n\u00e3o conseguem encontrar ningu\u00e9m. <\/p>\n<p>Alex sugere sair de f\u00e9rias para Ayfer. Uma mulher que conhece Alex no cabeleireiro e \u00e9 sua amante h\u00e1 2 meses confunde Ayfer. Quando Alex chega um pouco atrasado, ela pensa que ele a abandonou, mas ele est\u00e1 atrasado. Enquanto isso, Eda diz a Ayfer que sabe que elas v\u00e3o se encontrar com Alex.<\/p>\n<p>(*) edi\u00e7\u00e3o das novelas da TNT\/HBO, \u201cSer\u00e1 Isso Amor?\u201d, sujeito a altera\u00e7\u00e3o de data e conte\u00fado.<\/p>\n<p>Sinopse &#8220;Ser\u00e1 Isso Amor?&#8221;: (Primeira Temporada) Eda n\u00e3o consegue concluir sua gradua\u00e7\u00e3o na faculdade de arquitetura paisag\u00edstica por causa de Serkan Bolat. Serkan tem uma ex-namorada, Selin, que ficou noiva recentemente ap\u00f3s o rompimento. Para recuper\u00e1-la, Serkan oferece a Eda um contrato segundo o qual ela deve fingir ser sua noiva por dois meses. Ela aceita a oferta e n\u00e3o demora para surgir algo entre eles. <\/p>\n<p>(Segunda Temporada) Serkan e Eda passam por momentos dif\u00edceis durante o tratamento de c\u00e2ncer dele, que fica obcecado com sua doen\u00e7a e que vira um homem completamente diferente ap\u00f3s sobreviver. Serkan volta a se concentrar apenas em seu trabalho, que aos poucos o afasta de Eda. Mais tarde, ela vai para a It\u00e1lia para concluir seus estudos, enquanto Serkan continua com sua vida. Mas quando eles finalmente se reencontram ap\u00f3s 5 longos anos, a vida tem uma surpresa para ambos.<\/p>\n","protected":false},"excerpt":{"rendered":"<p>Resumo da novela \u201cSer\u00e1 Isso Amor?\u201d em 06\/11: no cap\u00edtulo 096(*) da novela, Erdem e Leyla armam um plano para n\u00e3o passar o Dia dos Namorados sozinhos. Enquanto isso, Aydan fica brava com Ayfer e faz uma visita a ela. &#8230; Eda conta a Serkan que ela e Deniz encontraram uma estrela \u00e0 beira-mar, colocaram [&hellip;]<\/p>\n","protected":false},"author":2,"featured_media":235990,"comment_status":"closed","ping_status":"closed","sticky":false,"template":"","format":"standard","meta":{"tdm_status":"","tdm_grid_status":"","footnotes":""},"categories":[379,2025,2316,343,2315],"tags":[441],"class_list":{"0":"post-239043","1":"post","2":"type-post","3":"status-publish","4":"format-standard","5":"has-post-thumbnail","7":"category-novelas","8":"category-resumo","9":"category-sera-isso-amor","10":"category-televisao","11":"category-tnt","12":"tag-resumo-do-dia"},"_links":{"self":[{"href":"https:\/\/migracao.redenoticia.com.br\/noticia\/wp-json\/wp\/v2\/posts\/239043","targetHints":{"allow":["GET"]}}],"collection":[{"href":"https:\/\/migracao.redenoticia.com.br\/noticia\/wp-json\/wp\/v2\/posts"}],"about":[{"href":"https:\/\/migracao.redenoticia.com.br\/noticia\/wp-json\/wp\/v2\/types\/post"}],"author":[{"embeddable":true,"href":"https:\/\/migracao.redenoticia.com.br\/noticia\/wp-json\/wp\/v2\/users\/2"}],"replies":[{"embeddable":true,"href":"https:\/\/migracao.redenoticia.com.br\/noticia\/wp-json\/wp\/v2\/comments?post=239043"}],"version-history":[{"count":0,"href":"https:\/\/migracao.redenoticia.com.br\/noticia\/wp-json\/wp\/v2\/posts\/239043\/revisions"}],"wp:featuredmedia":[{"embeddable":true,"href":"https:\/\/migracao.redenoticia.com.br\/noticia\/wp-json\/wp\/v2\/media\/235990"}],"wp:attachment":[{"href":"https:\/\/migracao.redenoticia.com.br\/noticia\/wp-json\/wp\/v2\/media?parent=239043"}],"wp:term":[{"taxonomy":"category","embeddable":true,"href":"https:\/\/migracao.redenoticia.com.br\/noticia\/wp-json\/wp\/v2\/categories?post=239043"},{"taxonomy":"post_tag","embeddable":true,"href":"https:\/\/migracao.redenoticia.com.br\/noticia\/wp-json\/wp\/v2\/tags?post=239043"}],"curies":[{"name":"wp","href":"https:\/\/api.w.org\/{rel}","templated":true}]}}