{"id":239044,"date":"2023-11-04T13:48:09","date_gmt":"2023-11-04T16:48:09","guid":{"rendered":"https:\/\/www.redenoticia.com.br\/noticia\/?p=239044"},"modified":"2023-11-04T13:49:30","modified_gmt":"2023-11-04T16:49:30","slug":"resumo-a-infancia-de-romeu-e-julieta-06-11-bernardo-desabafa-com-vera","status":"publish","type":"post","link":"https:\/\/migracao.redenoticia.com.br\/noticia\/2023\/resumo-a-infancia-de-romeu-e-julieta-06-11-bernardo-desabafa-com-vera\/239044","title":{"rendered":"Resumo \u201cA Inf\u00e2ncia de Romeu e Julieta\u201d 06\/11: Bernardo desabafa com Vera"},"content":{"rendered":"<p> <img loading=\"lazy\" decoding=\"async\" src=\"https:\/\/migracao.redenoticia.com.br\/noticia\/imagens\/novela-romeu-e-julieta-sbt-elenco-resumo.jpg\" alt=\"\" width=\"1280\" height=\"720\" class=\"aligncenter size-full wp-image-232242\" srcset=\"https:\/\/migracao.redenoticia.com.br\/noticia\/imagens\/novela-romeu-e-julieta-sbt-elenco-resumo.jpg 1280w, https:\/\/migracao.redenoticia.com.br\/noticia\/imagens\/novela-romeu-e-julieta-sbt-elenco-resumo-250x140.jpg 250w, https:\/\/migracao.redenoticia.com.br\/noticia\/imagens\/novela-romeu-e-julieta-sbt-elenco-resumo-400x225.jpg 400w, https:\/\/migracao.redenoticia.com.br\/noticia\/imagens\/novela-romeu-e-julieta-sbt-elenco-resumo-768x432.jpg 768w, https:\/\/migracao.redenoticia.com.br\/noticia\/imagens\/novela-romeu-e-julieta-sbt-elenco-resumo-150x84.jpg 150w\" sizes=\"auto, (max-width: 1280px) 100vw, 1280px\" \/><\/p>\n<p><strong><em>Resumo da novela \u201cA Inf\u00e2ncia de Romeu e Julieta\u201d<\/em><\/strong> em 06\/11: no cap\u00edtulo 131(*) da novela, Na noite gastron\u00f4mica do Armaz\u00e9m, L\u00edvia e Alex sentam na mesma mesa de Julieta, Patrick, T\u00e9o e Sofia, provocando certo inc\u00f4modo na turma do Lado Vila. Alex diz que n\u00e3o se arrepende de ir para o Lado Vila e que est\u00e1 gostando, mas Patrick e T\u00e9o desconfiam dele. Em casa, Vera conta a Romeu e Bernardo que passou o dia no Monter Mercado, mas Romeu desmente, falando que a viu na rua entrando em um pr\u00e9dio desconhecido. Vera responde ao filho e ao marido que foi fazer uma visita a um fornecedor. Leandro chega na resid\u00eancia para treinar xadrez com Romeu. Bass\u00e2nio atende a mesa de P\u00f3rcia e Vitor, o advers\u00e1rio de Bass\u00e2nio anuncia que namora P\u00f3rcia, sua grande amada. Sim\u00e3o esbarra com Vitor no restaurante e diz que as criptomoedas s\u00e3o o novo investimento do momento e que os lucros s\u00e3o exorbitantes, mas que tem alto risco.<\/p>\n<p>Vitor diz que tem dinheiro guardado e transfere na hora uma alta quantia para Sim\u00e3o. Telma tira foto com Mauro no encontro e posta nas redes sociais. Mauro n\u00e3o gosta de expor a intimidade na internet, mas Telma diz que gosta de expor a intimidade na internet, mas Telma diz que gosta de mostrar a felicidade. Domitila pergunta para Mariana o que aconteceu entre ela e Daniel, qual o motivo do t\u00e9rmino, j\u00e1 que eles se d\u00e3o bem divorciados. Leandro explica a Romeu que desafiou H\u00e9lio para uma partida de xadrez. Romeu pergunta se eles voltaram a ser amigos, mas Leandro alega ser uma partida de cavaleiros e que nada vai unir os dois. Bernardo desabafa com Vera e afirma que a esposa n\u00e3o compartilha mais as coisas com ele. Bernardo pergunta se tem algo diferente acontecendo na vida dela.<\/p>\n<p>(*) edi\u00e7\u00e3o das novelas do SBT, \u201cA Inf\u00e2ncia de Romeu e Julieta\u201d, sujeito a altera\u00e7\u00e3o de data e conte\u00fado.<\/p>\n<p>Sinopse \u201cA Inf\u00e2ncia de Romeu e Julieta\u201d: A Trama se passa no bairro chamado castanheiras, em que duas fam\u00edlias com propostas diferentes para esse bairro vivem em disc\u00f3rdia, sendo divididas entre os lados Torre (Campos) e Vila (Monteiro).[6] Entretanto, Romeu (Miguel \u00c2ngelo) e Julieta (Vitt\u00f3ria Seixas) se conhecem, da\u00ed em diante, as fam\u00edlias rivais t\u00eam uma nova oportunidade de trazer paz e uni\u00e3o entre o conv\u00edvio deles. <\/p>\n<p>Romeu e Julieta n\u00e3o sabem como v\u00e3o fazer para ficarem juntos. A not\u00edcia do romance chega \u00e0s fam\u00edlias, que n\u00e3o gostam nada da hist\u00f3ria e tratam de afasta-los imediatamente, aprontando v\u00e1rias situa\u00e7\u00f5es. Romeu e Julieta querem acabar com essa hostilidade e tentam ir atr\u00e1s de uma solu\u00e7\u00e3o, mas ao descobrirem mais sobre a hist\u00f3ria de seus pais, percebem que pode ser imposs\u00edvel.<\/p>\n","protected":false},"excerpt":{"rendered":"<p>Resumo da novela \u201cA Inf\u00e2ncia de Romeu e Julieta\u201d em 06\/11: no cap\u00edtulo 131(*) da novela, Na noite gastron\u00f4mica do Armaz\u00e9m, L\u00edvia e Alex sentam na mesma mesa de Julieta, Patrick, T\u00e9o e Sofia, provocando certo inc\u00f4modo na turma do Lado Vila. Alex diz que n\u00e3o se arrepende de ir para o Lado Vila e [&hellip;]<\/p>\n","protected":false},"author":5,"featured_media":232241,"comment_status":"closed","ping_status":"closed","sticky":false,"template":"","format":"standard","meta":{"tdm_status":"","tdm_grid_status":"","footnotes":""},"categories":[2306,379,2025,372,343],"tags":[441],"class_list":{"0":"post-239044","1":"post","2":"type-post","3":"status-publish","4":"format-standard","5":"has-post-thumbnail","7":"category-novela-romeu-e-julieta","8":"category-novelas","9":"category-resumo","10":"category-sbt","11":"category-televisao","12":"tag-resumo-do-dia"},"_links":{"self":[{"href":"https:\/\/migracao.redenoticia.com.br\/noticia\/wp-json\/wp\/v2\/posts\/239044","targetHints":{"allow":["GET"]}}],"collection":[{"href":"https:\/\/migracao.redenoticia.com.br\/noticia\/wp-json\/wp\/v2\/posts"}],"about":[{"href":"https:\/\/migracao.redenoticia.com.br\/noticia\/wp-json\/wp\/v2\/types\/post"}],"author":[{"embeddable":true,"href":"https:\/\/migracao.redenoticia.com.br\/noticia\/wp-json\/wp\/v2\/users\/5"}],"replies":[{"embeddable":true,"href":"https:\/\/migracao.redenoticia.com.br\/noticia\/wp-json\/wp\/v2\/comments?post=239044"}],"version-history":[{"count":0,"href":"https:\/\/migracao.redenoticia.com.br\/noticia\/wp-json\/wp\/v2\/posts\/239044\/revisions"}],"wp:featuredmedia":[{"embeddable":true,"href":"https:\/\/migracao.redenoticia.com.br\/noticia\/wp-json\/wp\/v2\/media\/232241"}],"wp:attachment":[{"href":"https:\/\/migracao.redenoticia.com.br\/noticia\/wp-json\/wp\/v2\/media?parent=239044"}],"wp:term":[{"taxonomy":"category","embeddable":true,"href":"https:\/\/migracao.redenoticia.com.br\/noticia\/wp-json\/wp\/v2\/categories?post=239044"},{"taxonomy":"post_tag","embeddable":true,"href":"https:\/\/migracao.redenoticia.com.br\/noticia\/wp-json\/wp\/v2\/tags?post=239044"}],"curies":[{"name":"wp","href":"https:\/\/api.w.org\/{rel}","templated":true}]}}