{"id":239086,"date":"2023-11-06T12:57:42","date_gmt":"2023-11-06T15:57:42","guid":{"rendered":"https:\/\/www.redenoticia.com.br\/noticia\/?p=239086"},"modified":"2023-11-06T12:57:42","modified_gmt":"2023-11-06T15:57:42","slug":"resumo-terra-e-paixao-07-11-antonio-atira-em-vinicius","status":"publish","type":"post","link":"https:\/\/migracao.redenoticia.com.br\/noticia\/2023\/resumo-terra-e-paixao-07-11-antonio-atira-em-vinicius\/239086","title":{"rendered":"Resumo &#8220;Terra e Paix\u00e3o&#8221; 07\/11: Ant\u00f4nio atira em Vin\u00edcius"},"content":{"rendered":"<p><img loading=\"lazy\" decoding=\"async\" src=\"https:\/\/migracao.redenoticia.com.br\/noticia\/imagens\/novela-terra-e-paixao-resumo.jpg\" alt=\"\" width=\"1280\" height=\"720\" class=\"aligncenter size-full wp-image-231930\" srcset=\"https:\/\/migracao.redenoticia.com.br\/noticia\/imagens\/novela-terra-e-paixao-resumo.jpg 1280w, https:\/\/migracao.redenoticia.com.br\/noticia\/imagens\/novela-terra-e-paixao-resumo-250x140.jpg 250w, https:\/\/migracao.redenoticia.com.br\/noticia\/imagens\/novela-terra-e-paixao-resumo-400x225.jpg 400w, https:\/\/migracao.redenoticia.com.br\/noticia\/imagens\/novela-terra-e-paixao-resumo-768x432.jpg 768w, https:\/\/migracao.redenoticia.com.br\/noticia\/imagens\/novela-terra-e-paixao-resumo-150x84.jpg 150w\" sizes=\"auto, (max-width: 1280px) 100vw, 1280px\" \/> <\/p>\n<p><strong><em>Resumo da novela &#8220;Terra e Paix\u00e3o&#8221;<\/em><\/strong> em 07\/11: no cap\u00edtulo 155(*) da novela, Ant\u00f4nio humilha Irene e amea\u00e7a Vin\u00edcius. Agatha humilha Irene. Luigi devolve os d\u00f3lares de Anely que Emmy roubou. Irene pede ajuda a Luigi. Jurec\u00ea comenta com Caio que acontecer\u00e1 uma coisa boa na vida de Aline. Vin\u00edcius consegue fugir de Ant\u00f4nio, no momento em que o produtor rural \u00e9 pego pela pol\u00edcia. <\/p>\n<p>H\u00e9lio percebe que Agatha n\u00e3o \u00e9 v\u00edtima e se nega a continuar fazendo parte do plano da m\u00e3e. Silv\u00e9rio tenta convencer Ant\u00f4nio a n\u00e3o agir com viol\u00eancia. Jonatas n\u00e3o aceita fazer o tratamento de fisioterapia. Ant\u00f4nio re\u00fane Ramiro e os outros capangas para irem atr\u00e1s de Vin\u00edcius na mata. Caio pede ajuda a Marino para impedir Ant\u00f4nio de matar Vin\u00edcius. Ant\u00f4nio atira em Vin\u00edcius.<\/p>\n<p>(*) edi\u00e7\u00e3o das novelas da Globo, &#8220;Terra e Paix\u00e3o&#8221;, sujeito a altera\u00e7\u00e3o de data e conte\u00fado.<\/p>\n<p>Sinopse &#8220;Terra e Paix\u00e3o&#8221;: Aline vive ao lado do marido Samuel e do filho Jo\u00e3o. Ap\u00f3s um atentado em sua casa, v\u00ea-se sozinha com o menino diante das terras deixadas pelo marido. Aline aprende a plantar com a ajuda de Jonatas, um amigo fiel. Al\u00e9m de contar com ele, tem ao seu lado sua m\u00e3e. Aline se aproxima dos irm\u00e3os Caio e Daniel, filhos do poderoso fazendeiro Ant\u00f4nio, com quem precisa brigar para manter suas terras. Ao lado dos dois rapazes, descobre sentimentos novos. Ant\u00f4nio La Selva \u00e9 casado com Irene com quem tem dois filhos, Daniel e Petra. Ele foi muito apaixonado por Agatha, com quem teve Caio, e culpa o rapaz pela morte da m\u00e3e no pr\u00e9-parto. <\/p>\n","protected":false},"excerpt":{"rendered":"<p>Resumo da novela &#8220;Terra e Paix\u00e3o&#8221; em 07\/11: no cap\u00edtulo 155(*) da novela, Ant\u00f4nio humilha Irene e amea\u00e7a Vin\u00edcius. Agatha humilha Irene. Luigi devolve os d\u00f3lares de Anely que Emmy roubou. Irene pede ajuda a Luigi. Jurec\u00ea comenta com Caio que acontecer\u00e1 uma coisa boa na vida de Aline. Vin\u00edcius consegue fugir de Ant\u00f4nio, no [&hellip;]<\/p>\n","protected":false},"author":2,"featured_media":231928,"comment_status":"closed","ping_status":"closed","sticky":false,"template":"","format":"standard","meta":{"tdm_status":"","tdm_grid_status":"","footnotes":""},"categories":[379,375,2025,343,2305],"tags":[441],"class_list":{"0":"post-239086","1":"post","2":"type-post","3":"status-publish","4":"format-standard","5":"has-post-thumbnail","7":"category-novelas","8":"category-rede-globo","9":"category-resumo","10":"category-televisao","11":"category-terra-e-paixao","12":"tag-resumo-do-dia"},"_links":{"self":[{"href":"https:\/\/migracao.redenoticia.com.br\/noticia\/wp-json\/wp\/v2\/posts\/239086","targetHints":{"allow":["GET"]}}],"collection":[{"href":"https:\/\/migracao.redenoticia.com.br\/noticia\/wp-json\/wp\/v2\/posts"}],"about":[{"href":"https:\/\/migracao.redenoticia.com.br\/noticia\/wp-json\/wp\/v2\/types\/post"}],"author":[{"embeddable":true,"href":"https:\/\/migracao.redenoticia.com.br\/noticia\/wp-json\/wp\/v2\/users\/2"}],"replies":[{"embeddable":true,"href":"https:\/\/migracao.redenoticia.com.br\/noticia\/wp-json\/wp\/v2\/comments?post=239086"}],"version-history":[{"count":0,"href":"https:\/\/migracao.redenoticia.com.br\/noticia\/wp-json\/wp\/v2\/posts\/239086\/revisions"}],"wp:featuredmedia":[{"embeddable":true,"href":"https:\/\/migracao.redenoticia.com.br\/noticia\/wp-json\/wp\/v2\/media\/231928"}],"wp:attachment":[{"href":"https:\/\/migracao.redenoticia.com.br\/noticia\/wp-json\/wp\/v2\/media?parent=239086"}],"wp:term":[{"taxonomy":"category","embeddable":true,"href":"https:\/\/migracao.redenoticia.com.br\/noticia\/wp-json\/wp\/v2\/categories?post=239086"},{"taxonomy":"post_tag","embeddable":true,"href":"https:\/\/migracao.redenoticia.com.br\/noticia\/wp-json\/wp\/v2\/tags?post=239086"}],"curies":[{"name":"wp","href":"https:\/\/api.w.org\/{rel}","templated":true}]}}