{"id":239088,"date":"2023-11-06T12:27:28","date_gmt":"2023-11-06T15:27:28","guid":{"rendered":"https:\/\/www.redenoticia.com.br\/noticia\/?p=239088"},"modified":"2023-11-06T12:27:28","modified_gmt":"2023-11-06T15:27:28","slug":"resumo-sera-isso-amor-07-11-deniz-leva-os-convites-de-casamento-para-eda","status":"publish","type":"post","link":"https:\/\/migracao.redenoticia.com.br\/noticia\/2023\/resumo-sera-isso-amor-07-11-deniz-leva-os-convites-de-casamento-para-eda\/239088","title":{"rendered":"Resumo \u201cSer\u00e1 Isso Amor?\u201d 07\/11: Deniz leva os convites de casamento para Eda"},"content":{"rendered":"<p> <img loading=\"lazy\" decoding=\"async\" class=\"aligncenter size-full wp-image-235988\" src=\"https:\/\/migracao.redenoticia.com.br\/noticia\/imagens\/novela-sera-isso-amor-tnt-resumo-elenco.jpg\" alt=\"\" width=\"1280\" height=\"720\" srcset=\"https:\/\/migracao.redenoticia.com.br\/noticia\/imagens\/novela-sera-isso-amor-tnt-resumo-elenco.jpg 1280w, https:\/\/migracao.redenoticia.com.br\/noticia\/imagens\/novela-sera-isso-amor-tnt-resumo-elenco-250x140.jpg 250w, https:\/\/migracao.redenoticia.com.br\/noticia\/imagens\/novela-sera-isso-amor-tnt-resumo-elenco-400x225.jpg 400w, https:\/\/migracao.redenoticia.com.br\/noticia\/imagens\/novela-sera-isso-amor-tnt-resumo-elenco-768x432.jpg 768w, https:\/\/migracao.redenoticia.com.br\/noticia\/imagens\/novela-sera-isso-amor-tnt-resumo-elenco-150x84.jpg 150w\" sizes=\"auto, (max-width: 1280px) 100vw, 1280px\" \/><\/p>\n<p><strong><em>Resumo da novela \u201cSer\u00e1 Isso Amor?\u201d<\/em><\/strong> em 07\/11: no cap\u00edtulo 097(*) da novela, Erdem e Leyla unem for\u00e7as para evitar passar o Dia dos Namorados sem amantes. Eles entram em contato com todos que conhecem, mas n\u00e3o conseguem encontrar ningu\u00e9m. Alex sugere sair de f\u00e9rias para Ayfer. Uma mulher que conhece Alex no cabeleireiro e \u00e9 sua amante h\u00e1 2 meses confunde Ayfer. Quando Alex chega um pouco atrasado, ela pensa que ele a abandonou, mas ele est\u00e1 atrasado. Enquanto isso, Eda diz a Ayfer que sabe que elas v\u00e3o se encontrar com Alex.<\/p>\n<p>Melek conta \u00e0 Ferit sobre o que est\u00e1 acontecendo com Ceren e trama para que Eda e Serkan tenham um jantar a s\u00f3s. &#8230; Selin, que ouviu a conversa de Melo e Ceren, descobre que o que est\u00e1 acontecendo entre Eda e Deniz \u00e9 um jogo. Ela convida Deniz e Eda para o barco. Melo tranca Selin em uma sala do escrit\u00f3rio para que seu cunhado e Dada fiquem sozinhos e diz para ela n\u00e3o ir at\u00e9 Deniz. Selin tenta sair da sala, mas n\u00e3o consegue, mas descobrimos mais tarde que Deniz leva a mulher para fora. <\/p>\n<p>Quando Selin vai para o barco, Eda tamb\u00e9m est\u00e1 prestes a partir. No ch\u00e1 de beb\u00ea de Engin e Piril, Deniz leva os convites de casamento para Eda e transforma isso em fato consumado. Como Serkan acabara de dizer que ele e Eda nunca se casariam, a mulher conta a Deniz que queria at\u00e9 antecipar a data nos convites. Todo mundo fica parado.<\/p>\n<p>(*) edi\u00e7\u00e3o das novelas da TNT\/HBO, \u201cSer\u00e1 Isso Amor?\u201d, sujeito a altera\u00e7\u00e3o de data e conte\u00fado.<\/p>\n<p>Sinopse &#8220;Ser\u00e1 Isso Amor?&#8221;: (Primeira Temporada) Eda n\u00e3o consegue concluir sua gradua\u00e7\u00e3o na faculdade de arquitetura paisag\u00edstica por causa de Serkan Bolat. Serkan tem uma ex-namorada, Selin, que ficou noiva recentemente ap\u00f3s o rompimento. Para recuper\u00e1-la, Serkan oferece a Eda um contrato segundo o qual ela deve fingir ser sua noiva por dois meses. Ela aceita a oferta e n\u00e3o demora para surgir algo entre eles. <\/p>\n<p>(Segunda Temporada) Serkan e Eda passam por momentos dif\u00edceis durante o tratamento de c\u00e2ncer dele, que fica obcecado com sua doen\u00e7a e que vira um homem completamente diferente ap\u00f3s sobreviver. Serkan volta a se concentrar apenas em seu trabalho, que aos poucos o afasta de Eda. Mais tarde, ela vai para a It\u00e1lia para concluir seus estudos, enquanto Serkan continua com sua vida. Mas quando eles finalmente se reencontram ap\u00f3s 5 longos anos, a vida tem uma surpresa para ambos.<\/p>\n","protected":false},"excerpt":{"rendered":"<p>Resumo da novela \u201cSer\u00e1 Isso Amor?\u201d em 07\/11: no cap\u00edtulo 097(*) da novela, Erdem e Leyla unem for\u00e7as para evitar passar o Dia dos Namorados sem amantes. Eles entram em contato com todos que conhecem, mas n\u00e3o conseguem encontrar ningu\u00e9m. Alex sugere sair de f\u00e9rias para Ayfer. Uma mulher que conhece Alex no cabeleireiro e [&hellip;]<\/p>\n","protected":false},"author":2,"featured_media":235990,"comment_status":"closed","ping_status":"closed","sticky":false,"template":"","format":"standard","meta":{"tdm_status":"","tdm_grid_status":"","footnotes":""},"categories":[379,2025,2316,343,2315],"tags":[441],"class_list":{"0":"post-239088","1":"post","2":"type-post","3":"status-publish","4":"format-standard","5":"has-post-thumbnail","7":"category-novelas","8":"category-resumo","9":"category-sera-isso-amor","10":"category-televisao","11":"category-tnt","12":"tag-resumo-do-dia"},"_links":{"self":[{"href":"https:\/\/migracao.redenoticia.com.br\/noticia\/wp-json\/wp\/v2\/posts\/239088","targetHints":{"allow":["GET"]}}],"collection":[{"href":"https:\/\/migracao.redenoticia.com.br\/noticia\/wp-json\/wp\/v2\/posts"}],"about":[{"href":"https:\/\/migracao.redenoticia.com.br\/noticia\/wp-json\/wp\/v2\/types\/post"}],"author":[{"embeddable":true,"href":"https:\/\/migracao.redenoticia.com.br\/noticia\/wp-json\/wp\/v2\/users\/2"}],"replies":[{"embeddable":true,"href":"https:\/\/migracao.redenoticia.com.br\/noticia\/wp-json\/wp\/v2\/comments?post=239088"}],"version-history":[{"count":0,"href":"https:\/\/migracao.redenoticia.com.br\/noticia\/wp-json\/wp\/v2\/posts\/239088\/revisions"}],"wp:featuredmedia":[{"embeddable":true,"href":"https:\/\/migracao.redenoticia.com.br\/noticia\/wp-json\/wp\/v2\/media\/235990"}],"wp:attachment":[{"href":"https:\/\/migracao.redenoticia.com.br\/noticia\/wp-json\/wp\/v2\/media?parent=239088"}],"wp:term":[{"taxonomy":"category","embeddable":true,"href":"https:\/\/migracao.redenoticia.com.br\/noticia\/wp-json\/wp\/v2\/categories?post=239088"},{"taxonomy":"post_tag","embeddable":true,"href":"https:\/\/migracao.redenoticia.com.br\/noticia\/wp-json\/wp\/v2\/tags?post=239088"}],"curies":[{"name":"wp","href":"https:\/\/api.w.org\/{rel}","templated":true}]}}