{"id":239089,"date":"2023-11-06T12:30:06","date_gmt":"2023-11-06T15:30:06","guid":{"rendered":"https:\/\/www.redenoticia.com.br\/noticia\/?p=239089"},"modified":"2023-11-06T12:30:06","modified_gmt":"2023-11-06T15:30:06","slug":"resumo-a-infancia-de-romeu-e-julieta-07-11-alerta-que-simao-e-golpista","status":"publish","type":"post","link":"https:\/\/migracao.redenoticia.com.br\/noticia\/2023\/resumo-a-infancia-de-romeu-e-julieta-07-11-alerta-que-simao-e-golpista\/239089","title":{"rendered":"Resumo \u201cA Inf\u00e2ncia de Romeu e Julieta\u201d 07\/11: alerta que Sim\u00e3o \u00e9 golpista"},"content":{"rendered":"<p> <img loading=\"lazy\" decoding=\"async\" src=\"https:\/\/migracao.redenoticia.com.br\/noticia\/imagens\/novela-romeu-e-julieta-sbt-elenco-resumo.jpg\" alt=\"\" width=\"1280\" height=\"720\" class=\"aligncenter size-full wp-image-232242\" srcset=\"https:\/\/migracao.redenoticia.com.br\/noticia\/imagens\/novela-romeu-e-julieta-sbt-elenco-resumo.jpg 1280w, https:\/\/migracao.redenoticia.com.br\/noticia\/imagens\/novela-romeu-e-julieta-sbt-elenco-resumo-250x140.jpg 250w, https:\/\/migracao.redenoticia.com.br\/noticia\/imagens\/novela-romeu-e-julieta-sbt-elenco-resumo-400x225.jpg 400w, https:\/\/migracao.redenoticia.com.br\/noticia\/imagens\/novela-romeu-e-julieta-sbt-elenco-resumo-768x432.jpg 768w, https:\/\/migracao.redenoticia.com.br\/noticia\/imagens\/novela-romeu-e-julieta-sbt-elenco-resumo-150x84.jpg 150w\" sizes=\"auto, (max-width: 1280px) 100vw, 1280px\" \/><\/p>\n<p><strong><em>Resumo da novela \u201cA Inf\u00e2ncia de Romeu e Julieta\u201d<\/em><\/strong> em 07\/11: no cap\u00edtulo 132(*) da novela, Glaucia nota que Telma postou uma foto na rede social com Mauro e que Sim\u00e3o est\u00e1 ao fundo da fotografia. Glaucia e Fred v\u00e3o atr\u00e1s de Sim\u00e3o no Armaz\u00e9m. Dimitri desvenda um c\u00f3digo da porta secreta do Mundo da Imagina\u00e7\u00e3o. Glaucia e Fred chegam ao evento do restaurante, e Sim\u00e3o foge. Glaucia faz um esc\u00e2ndalo em busca de Sim\u00e3o, alertando a todos que ele \u00e9 golpista. Mariana diz para Glaucia que Sim\u00e3o n\u00e3o \u00e9 golpista. Glaucia descobre que eles s\u00e3o amigos. Em casa, Romeu conta \u00e0 fam\u00edlia que Glaucia e Fred foram ao Armaz\u00e9m e que todo escarc\u00e9u est\u00e1 na internet; Leandro fica furioso. Glaucia acusa Mariana, Amanda e Daniel de estarem envolvidos com Sim\u00e3o. Dona Onete aparece e alega que Glaucia \u00e9 mal-educada e que Amanda \u00e9 honesta e trabalhadora. Leandro liga para Glaucia e pede para ela ir para casa.<\/p>\n<p>A filha explica que Sim\u00e3o deu um golpe e que os Campos est\u00e3o por tr\u00e1s. Mariana tenta ligar para Sim\u00e3o, mas ele n\u00e3o atende. O Bandido P\u00e9 de Cabra, conhecido por invadir casas com um p\u00e9 de cabra, chega a Castanheiras. Daniel pede para Mariana se afastar de Sim\u00e3o e refor\u00e7a que os dois n\u00e3o combinam. Mariana agradece por Daniel sempre se preocupar. Daniel e Mariana se beijam. Leandro se encontra com Glaucia e declara que acreditou nas promessas vazias dela. Vitor revela \u00e0 fam\u00edlia que fez um investimento alto com Sim\u00e3o. H\u00e9lio diz que Vitor foi ing\u00eanuo e que a necessidade de ele ganhar dinheiro a qualquer custo n\u00e3o \u00e9 uma rela\u00e7\u00e3o saud\u00e1vel. Vitor retruca, afirmando que H\u00e9lio colocou um buraco no CEC. Em casa, Amanda agradece a Onete. Onete fala que elas t\u00eam um impasse, mas que ningu\u00e9m mexe com a fam\u00edlia dela. Bass\u00e2nio comenta com Daniel que deseja sair do bairro por conta da sua paix\u00e3o n\u00e3o correspondida por P\u00f3rcia.<\/p>\n<p>(*) edi\u00e7\u00e3o das novelas do SBT, \u201cA Inf\u00e2ncia de Romeu e Julieta\u201d, sujeito a altera\u00e7\u00e3o de data e conte\u00fado.<\/p>\n<p>Sinopse \u201cA Inf\u00e2ncia de Romeu e Julieta\u201d: A Trama se passa no bairro chamado castanheiras, em que duas fam\u00edlias com propostas diferentes para esse bairro vivem em disc\u00f3rdia, sendo divididas entre os lados Torre (Campos) e Vila (Monteiro).[6] Entretanto, Romeu (Miguel \u00c2ngelo) e Julieta (Vitt\u00f3ria Seixas) se conhecem, da\u00ed em diante, as fam\u00edlias rivais t\u00eam uma nova oportunidade de trazer paz e uni\u00e3o entre o conv\u00edvio deles. <\/p>\n<p>Romeu e Julieta n\u00e3o sabem como v\u00e3o fazer para ficarem juntos. A not\u00edcia do romance chega \u00e0s fam\u00edlias, que n\u00e3o gostam nada da hist\u00f3ria e tratam de afasta-los imediatamente, aprontando v\u00e1rias situa\u00e7\u00f5es. Romeu e Julieta querem acabar com essa hostilidade e tentam ir atr\u00e1s de uma solu\u00e7\u00e3o, mas ao descobrirem mais sobre a hist\u00f3ria de seus pais, percebem que pode ser imposs\u00edvel.<\/p>\n","protected":false},"excerpt":{"rendered":"<p>Resumo da novela \u201cA Inf\u00e2ncia de Romeu e Julieta\u201d em 07\/11: no cap\u00edtulo 132(*) da novela, Glaucia nota que Telma postou uma foto na rede social com Mauro e que Sim\u00e3o est\u00e1 ao fundo da fotografia. Glaucia e Fred v\u00e3o atr\u00e1s de Sim\u00e3o no Armaz\u00e9m. Dimitri desvenda um c\u00f3digo da porta secreta do Mundo da [&hellip;]<\/p>\n","protected":false},"author":5,"featured_media":232241,"comment_status":"closed","ping_status":"closed","sticky":false,"template":"","format":"standard","meta":{"tdm_status":"","tdm_grid_status":"","footnotes":""},"categories":[2306,379,2025,372,343],"tags":[441],"class_list":{"0":"post-239089","1":"post","2":"type-post","3":"status-publish","4":"format-standard","5":"has-post-thumbnail","7":"category-novela-romeu-e-julieta","8":"category-novelas","9":"category-resumo","10":"category-sbt","11":"category-televisao","12":"tag-resumo-do-dia"},"_links":{"self":[{"href":"https:\/\/migracao.redenoticia.com.br\/noticia\/wp-json\/wp\/v2\/posts\/239089","targetHints":{"allow":["GET"]}}],"collection":[{"href":"https:\/\/migracao.redenoticia.com.br\/noticia\/wp-json\/wp\/v2\/posts"}],"about":[{"href":"https:\/\/migracao.redenoticia.com.br\/noticia\/wp-json\/wp\/v2\/types\/post"}],"author":[{"embeddable":true,"href":"https:\/\/migracao.redenoticia.com.br\/noticia\/wp-json\/wp\/v2\/users\/5"}],"replies":[{"embeddable":true,"href":"https:\/\/migracao.redenoticia.com.br\/noticia\/wp-json\/wp\/v2\/comments?post=239089"}],"version-history":[{"count":0,"href":"https:\/\/migracao.redenoticia.com.br\/noticia\/wp-json\/wp\/v2\/posts\/239089\/revisions"}],"wp:featuredmedia":[{"embeddable":true,"href":"https:\/\/migracao.redenoticia.com.br\/noticia\/wp-json\/wp\/v2\/media\/232241"}],"wp:attachment":[{"href":"https:\/\/migracao.redenoticia.com.br\/noticia\/wp-json\/wp\/v2\/media?parent=239089"}],"wp:term":[{"taxonomy":"category","embeddable":true,"href":"https:\/\/migracao.redenoticia.com.br\/noticia\/wp-json\/wp\/v2\/categories?post=239089"},{"taxonomy":"post_tag","embeddable":true,"href":"https:\/\/migracao.redenoticia.com.br\/noticia\/wp-json\/wp\/v2\/tags?post=239089"}],"curies":[{"name":"wp","href":"https:\/\/api.w.org\/{rel}","templated":true}]}}