{"id":239174,"date":"2023-11-08T14:14:02","date_gmt":"2023-11-08T17:14:02","guid":{"rendered":"https:\/\/www.redenoticia.com.br\/noticia\/?p=239174"},"modified":"2023-11-08T14:14:02","modified_gmt":"2023-11-08T17:14:02","slug":"resumo-iludida-09-11-asya-descobre-que-derin-conhecia-aras","status":"publish","type":"post","link":"https:\/\/migracao.redenoticia.com.br\/noticia\/2023\/resumo-iludida-09-11-asya-descobre-que-derin-conhecia-aras\/239174","title":{"rendered":"Resumo \u201cIludida\u201d 09\/11: Asya descobre que Derin conhecia Aras"},"content":{"rendered":"<p> <img loading=\"lazy\" decoding=\"async\" class=\"aligncenter size-full wp-image-235992\" src=\"https:\/\/migracao.redenoticia.com.br\/noticia\/imagens\/novela-iludida-logo-resumo-canal-tnt.jpg\" alt=\"\" width=\"1280\" height=\"720\" srcset=\"https:\/\/migracao.redenoticia.com.br\/noticia\/imagens\/novela-iludida-logo-resumo-canal-tnt.jpg 1280w, https:\/\/migracao.redenoticia.com.br\/noticia\/imagens\/novela-iludida-logo-resumo-canal-tnt-250x140.jpg 250w, https:\/\/migracao.redenoticia.com.br\/noticia\/imagens\/novela-iludida-logo-resumo-canal-tnt-400x225.jpg 400w, https:\/\/migracao.redenoticia.com.br\/noticia\/imagens\/novela-iludida-logo-resumo-canal-tnt-768x432.jpg 768w, https:\/\/migracao.redenoticia.com.br\/noticia\/imagens\/novela-iludida-logo-resumo-canal-tnt-150x84.jpg 150w\" sizes=\"auto, (max-width: 1280px) 100vw, 1280px\" \/><\/p>\n<p><strong><em>Resumo da novela \u201cIludida\u201d<\/em><\/strong> em 09\/11: no cap\u00edtulo 099(*) da novela, G\u00f6n\u00fcl se encontra com Cavidan e conta sobre a advogada de div\u00f3rcio que ela viu enquanto jantava. G\u00f6n\u00fcl tamb\u00e9m se encontra com um advogado dur\u00e3o em Istambul. N\u00e3o importa o que Haluk diga, G\u00f6n\u00fcl n\u00e3o o escuta e pede o div\u00f3rcio. Enquanto Haluk se re\u00fane com o advogado da empresa, G\u00f6n\u00fcl chega e cria uma cena. Quando Leyla aparece novamente na frente de Asya, ela fala sobre isso com Aras. Leyla liga para Derin e pede que ela a encontre se n\u00e3o quiser que Volkan descubra que conhece Aras e est\u00e1 escondendo isso. Quando Derin e Leyla entram no restaurante, Asya, Derya e Bahar est\u00e3o sentadas l\u00e1.<\/p>\n<p>Asya est\u00e1 aborrecida porque Aras mentiu e Derin continua tentando causar ci\u00fames a Volkan, mas a t\u00e1tica parece n\u00e3o funcionar. Asya descobre que Derin conhecia Aras desde o come\u00e7o. Enquanto isso, Aras quer ver Asya uma \u00faltima vez. &#8230;Enquanto Leyla passa pela mesa e conversa, elas descobrem que j\u00e1 conheceram Derin antes. Elas percebem que Derin n\u00e3o revelou a identidade do homem para que Asya e Aras n\u00e3o se separassem. Derin tem medo que Volkan descubra isso. Apesar do despeito, Asya decide comparecer \u00e0 festa que Volkan organizar\u00e1 em sua casa. Na verdade, todos os amigos se divertem muito. <\/p>\n<p>Derin os observa \u00e0 dist\u00e2ncia e tem um colapso nervoso. A Sra. Nevin oferece a Asya o cargo de m\u00e9dica-chefe. Sra. Nevin conta que reuniram os m\u00e9dicos e encontraram um investidor para o hospital. S\u00f3 ent\u00e3o, Derin, que est\u00e1 irritada com a reuni\u00e3o de Asya na casa de Volkan, aparece e anuncia que Asya est\u00e1 com Aras, que \u00e9 casado. \u00c1sia fica brava com Derin, se vira para a Sra. Nevin e diz que aceita a oferta de ser m\u00e9dica-chefe, se ela ainda for v\u00e1lida.<\/p>\n<p>(*) edi\u00e7\u00e3o das novelas da TNT\/HBO, \u201cIludida\u201d, sujeito a altera\u00e7\u00e3o de data e conte\u00fado.<\/p>\n<p>Sinopse &#8220;Iludida&#8221;: Com apenas 37 anos, Asya \u00e9 vice-diretora e m\u00e9dica em um hospital da cidade de Tekirdag. Al\u00e9m de ter uma carreira profissional de sucesso, leva uma vida tranquila com o seu marido Volkan e seu filho Ali. Ela parece ter tudo: um trabalho perfeito, uma casa linda e uma fam\u00edlia feliz. Asya se sente a mulher mais sortuda do mundo, o que mais ela poderia pedir? Tudo na sua vida parecia ser cor-de-rosa, at\u00e9 que ela descobre um cabelo loiro no cachecol do seu marido, o que a transforma em uma pessoa obsessiva e incapaz de confiar nas pessoas ao seu redor. Por\u00e9m, ela n\u00e3o se engana em desconfiar deles: aos poucos, Asya descobre uma rede de mentiras que a leva a perceber que a sua vida n\u00e3o era t\u00e3o perfeita como ela pensava.<\/p>\n","protected":false},"excerpt":{"rendered":"<p>Resumo da novela \u201cIludida\u201d em 09\/11: no cap\u00edtulo 099(*) da novela, G\u00f6n\u00fcl se encontra com Cavidan e conta sobre a advogada de div\u00f3rcio que ela viu enquanto jantava. G\u00f6n\u00fcl tamb\u00e9m se encontra com um advogado dur\u00e3o em Istambul. N\u00e3o importa o que Haluk diga, G\u00f6n\u00fcl n\u00e3o o escuta e pede o div\u00f3rcio. Enquanto Haluk se [&hellip;]<\/p>\n","protected":false},"author":2,"featured_media":235991,"comment_status":"closed","ping_status":"closed","sticky":false,"template":"","format":"standard","meta":{"tdm_status":"","tdm_grid_status":"","footnotes":""},"categories":[2317,379,2025,343,2315],"tags":[441],"class_list":{"0":"post-239174","1":"post","2":"type-post","3":"status-publish","4":"format-standard","5":"has-post-thumbnail","7":"category-iludida","8":"category-novelas","9":"category-resumo","10":"category-televisao","11":"category-tnt","12":"tag-resumo-do-dia"},"_links":{"self":[{"href":"https:\/\/migracao.redenoticia.com.br\/noticia\/wp-json\/wp\/v2\/posts\/239174","targetHints":{"allow":["GET"]}}],"collection":[{"href":"https:\/\/migracao.redenoticia.com.br\/noticia\/wp-json\/wp\/v2\/posts"}],"about":[{"href":"https:\/\/migracao.redenoticia.com.br\/noticia\/wp-json\/wp\/v2\/types\/post"}],"author":[{"embeddable":true,"href":"https:\/\/migracao.redenoticia.com.br\/noticia\/wp-json\/wp\/v2\/users\/2"}],"replies":[{"embeddable":true,"href":"https:\/\/migracao.redenoticia.com.br\/noticia\/wp-json\/wp\/v2\/comments?post=239174"}],"version-history":[{"count":0,"href":"https:\/\/migracao.redenoticia.com.br\/noticia\/wp-json\/wp\/v2\/posts\/239174\/revisions"}],"wp:featuredmedia":[{"embeddable":true,"href":"https:\/\/migracao.redenoticia.com.br\/noticia\/wp-json\/wp\/v2\/media\/235991"}],"wp:attachment":[{"href":"https:\/\/migracao.redenoticia.com.br\/noticia\/wp-json\/wp\/v2\/media?parent=239174"}],"wp:term":[{"taxonomy":"category","embeddable":true,"href":"https:\/\/migracao.redenoticia.com.br\/noticia\/wp-json\/wp\/v2\/categories?post=239174"},{"taxonomy":"post_tag","embeddable":true,"href":"https:\/\/migracao.redenoticia.com.br\/noticia\/wp-json\/wp\/v2\/tags?post=239174"}],"curies":[{"name":"wp","href":"https:\/\/api.w.org\/{rel}","templated":true}]}}