{"id":239226,"date":"2023-11-09T13:57:58","date_gmt":"2023-11-09T16:57:58","guid":{"rendered":"https:\/\/www.redenoticia.com.br\/noticia\/?p=239226"},"modified":"2023-11-09T13:57:58","modified_gmt":"2023-11-09T16:57:58","slug":"resumo-sera-isso-amor-10-11-deniz-avisa-serkan-que-e-aniversario-de-selin","status":"publish","type":"post","link":"https:\/\/migracao.redenoticia.com.br\/noticia\/2023\/resumo-sera-isso-amor-10-11-deniz-avisa-serkan-que-e-aniversario-de-selin\/239226","title":{"rendered":"Resumo \u201cSer\u00e1 Isso Amor?\u201d 10\/11: Deniz avisa Serkan que \u00e9 anivers\u00e1rio de Selin"},"content":{"rendered":"<p> <img loading=\"lazy\" decoding=\"async\" class=\"aligncenter size-full wp-image-235988\" src=\"https:\/\/migracao.redenoticia.com.br\/noticia\/imagens\/novela-sera-isso-amor-tnt-resumo-elenco.jpg\" alt=\"\" width=\"1280\" height=\"720\" srcset=\"https:\/\/migracao.redenoticia.com.br\/noticia\/imagens\/novela-sera-isso-amor-tnt-resumo-elenco.jpg 1280w, https:\/\/migracao.redenoticia.com.br\/noticia\/imagens\/novela-sera-isso-amor-tnt-resumo-elenco-250x140.jpg 250w, https:\/\/migracao.redenoticia.com.br\/noticia\/imagens\/novela-sera-isso-amor-tnt-resumo-elenco-400x225.jpg 400w, https:\/\/migracao.redenoticia.com.br\/noticia\/imagens\/novela-sera-isso-amor-tnt-resumo-elenco-768x432.jpg 768w, https:\/\/migracao.redenoticia.com.br\/noticia\/imagens\/novela-sera-isso-amor-tnt-resumo-elenco-150x84.jpg 150w\" sizes=\"auto, (max-width: 1280px) 100vw, 1280px\" \/><\/p>\n<p><strong><em>Resumo da novela \u201cSer\u00e1 Isso Amor?\u201d<\/em><\/strong> em 10\/11: no cap\u00edtulo 100(*) da novela, Ferit convida Ceren para o ateli\u00ea de um famoso designer de cal\u00e7ados, esperando que ela goste. Ele diz que eles n\u00e3o se conhecem e que deveriam se conhecer. <\/p>\n<p>Enquanto Serkan ajuda Eda com a apresenta\u00e7\u00e3o, Aydan e Ayfer descobrem uma coisa horr\u00edvel sobre Alex. &#8230; Eda prepara a apresenta\u00e7\u00e3o do projeto Kemerburgaz. O cliente diz que quer hospedar ela e toda a equipe em seu hotel. Na empresa, Selin exclui o projeto elaborado por Eda de seu computador e depois do computador principal. No dia seguinte, Eda fica chocada ao n\u00e3o encontrar a apresenta\u00e7\u00e3o. Ela n\u00e3o tem escolha a n\u00e3o ser se preparar novamente. <\/p>\n<p>Quando Serkan fica sabendo da situa\u00e7\u00e3o por Leyla, ele retorna imediatamente ao escrit\u00f3rio e ajuda. Eles fazem uma boa apresenta\u00e7\u00e3o e conseguem o trabalho. Selin pensa que Serkan estava fazendo preparativos para seu anivers\u00e1rio. Quando Serkan chega ao hotel com Eda, ela fica chateado e irritado. Deniz tamb\u00e9m n\u00e3o tem ideia de que Eda e Serkan est\u00e3o juntos. Selin tamb\u00e9m fica com raiva dele. Deniz chega apressadamente ao hotel. A certa altura, ele diz a Serkan que \u00e9 anivers\u00e1rio de Selin e que espera uma surpresa dele. <\/p>\n<p>(*) edi\u00e7\u00e3o das novelas da TNT\/HBO, \u201cSer\u00e1 Isso Amor?\u201d, sujeito a altera\u00e7\u00e3o de data e conte\u00fado.<\/p>\n<p>Sinopse &#8220;Ser\u00e1 Isso Amor?&#8221;: (Primeira Temporada) Eda n\u00e3o consegue concluir sua gradua\u00e7\u00e3o na faculdade de arquitetura paisag\u00edstica por causa de Serkan Bolat. Serkan tem uma ex-namorada, Selin, que ficou noiva recentemente ap\u00f3s o rompimento. Para recuper\u00e1-la, Serkan oferece a Eda um contrato segundo o qual ela deve fingir ser sua noiva por dois meses. Ela aceita a oferta e n\u00e3o demora para surgir algo entre eles. <\/p>\n<p>(Segunda Temporada) Serkan e Eda passam por momentos dif\u00edceis durante o tratamento de c\u00e2ncer dele, que fica obcecado com sua doen\u00e7a e que vira um homem completamente diferente ap\u00f3s sobreviver. Serkan volta a se concentrar apenas em seu trabalho, que aos poucos o afasta de Eda. Mais tarde, ela vai para a It\u00e1lia para concluir seus estudos, enquanto Serkan continua com sua vida. Mas quando eles finalmente se reencontram ap\u00f3s 5 longos anos, a vida tem uma surpresa para ambos.<\/p>\n","protected":false},"excerpt":{"rendered":"<p>Resumo da novela \u201cSer\u00e1 Isso Amor?\u201d em 10\/11: no cap\u00edtulo 100(*) da novela, Ferit convida Ceren para o ateli\u00ea de um famoso designer de cal\u00e7ados, esperando que ela goste. Ele diz que eles n\u00e3o se conhecem e que deveriam se conhecer. Enquanto Serkan ajuda Eda com a apresenta\u00e7\u00e3o, Aydan e Ayfer descobrem uma coisa horr\u00edvel [&hellip;]<\/p>\n","protected":false},"author":2,"featured_media":235990,"comment_status":"closed","ping_status":"closed","sticky":false,"template":"","format":"standard","meta":{"tdm_status":"","tdm_grid_status":"","footnotes":""},"categories":[379,2025,2316,343,2315],"tags":[441],"class_list":{"0":"post-239226","1":"post","2":"type-post","3":"status-publish","4":"format-standard","5":"has-post-thumbnail","7":"category-novelas","8":"category-resumo","9":"category-sera-isso-amor","10":"category-televisao","11":"category-tnt","12":"tag-resumo-do-dia"},"_links":{"self":[{"href":"https:\/\/migracao.redenoticia.com.br\/noticia\/wp-json\/wp\/v2\/posts\/239226","targetHints":{"allow":["GET"]}}],"collection":[{"href":"https:\/\/migracao.redenoticia.com.br\/noticia\/wp-json\/wp\/v2\/posts"}],"about":[{"href":"https:\/\/migracao.redenoticia.com.br\/noticia\/wp-json\/wp\/v2\/types\/post"}],"author":[{"embeddable":true,"href":"https:\/\/migracao.redenoticia.com.br\/noticia\/wp-json\/wp\/v2\/users\/2"}],"replies":[{"embeddable":true,"href":"https:\/\/migracao.redenoticia.com.br\/noticia\/wp-json\/wp\/v2\/comments?post=239226"}],"version-history":[{"count":0,"href":"https:\/\/migracao.redenoticia.com.br\/noticia\/wp-json\/wp\/v2\/posts\/239226\/revisions"}],"wp:featuredmedia":[{"embeddable":true,"href":"https:\/\/migracao.redenoticia.com.br\/noticia\/wp-json\/wp\/v2\/media\/235990"}],"wp:attachment":[{"href":"https:\/\/migracao.redenoticia.com.br\/noticia\/wp-json\/wp\/v2\/media?parent=239226"}],"wp:term":[{"taxonomy":"category","embeddable":true,"href":"https:\/\/migracao.redenoticia.com.br\/noticia\/wp-json\/wp\/v2\/categories?post=239226"},{"taxonomy":"post_tag","embeddable":true,"href":"https:\/\/migracao.redenoticia.com.br\/noticia\/wp-json\/wp\/v2\/tags?post=239226"}],"curies":[{"name":"wp","href":"https:\/\/api.w.org\/{rel}","templated":true}]}}