{"id":239227,"date":"2023-11-09T13:58:45","date_gmt":"2023-11-09T16:58:45","guid":{"rendered":"https:\/\/www.redenoticia.com.br\/noticia\/?p=239227"},"modified":"2023-11-09T13:58:45","modified_gmt":"2023-11-09T16:58:45","slug":"resumo-a-infancia-de-romeu-e-julieta-10-11-glaucia-diz-para-bernardo-tomar-cuidado","status":"publish","type":"post","link":"https:\/\/migracao.redenoticia.com.br\/noticia\/2023\/resumo-a-infancia-de-romeu-e-julieta-10-11-glaucia-diz-para-bernardo-tomar-cuidado\/239227","title":{"rendered":"Resumo \u201cA Inf\u00e2ncia de Romeu e Julieta\u201d 10\/11: Glaucia diz para Bernardo tomar cuidado"},"content":{"rendered":"<p> <img loading=\"lazy\" decoding=\"async\" src=\"https:\/\/migracao.redenoticia.com.br\/noticia\/imagens\/novela-romeu-e-julieta-sbt-elenco-resumo.jpg\" alt=\"\" width=\"1280\" height=\"720\" class=\"aligncenter size-full wp-image-232242\" srcset=\"https:\/\/migracao.redenoticia.com.br\/noticia\/imagens\/novela-romeu-e-julieta-sbt-elenco-resumo.jpg 1280w, https:\/\/migracao.redenoticia.com.br\/noticia\/imagens\/novela-romeu-e-julieta-sbt-elenco-resumo-250x140.jpg 250w, https:\/\/migracao.redenoticia.com.br\/noticia\/imagens\/novela-romeu-e-julieta-sbt-elenco-resumo-400x225.jpg 400w, https:\/\/migracao.redenoticia.com.br\/noticia\/imagens\/novela-romeu-e-julieta-sbt-elenco-resumo-768x432.jpg 768w, https:\/\/migracao.redenoticia.com.br\/noticia\/imagens\/novela-romeu-e-julieta-sbt-elenco-resumo-150x84.jpg 150w\" sizes=\"auto, (max-width: 1280px) 100vw, 1280px\" \/><\/p>\n<p><strong><em>Resumo da novela \u201cA Inf\u00e2ncia de Romeu e Julieta\u201d<\/em><\/strong> em 10\/11: no cap\u00edtulo 135(*) da novela, Nando conta para Romeu que Alex s\u00f3 est\u00e1 no Lado Vila para ser espi\u00e3o. Karen quer saber de Alex segredos dos membros do Lado Vila, mas Alex n\u00e3o informa. Julieta, L\u00edvia, Sofia, Patrick e T\u00e9o comentam que Alex vai ajudar a ganhar o campeonato e que ele \u00e9 uma pessoa legal. L\u00edvia fala aos amigos para confiar em Alex. Romeu confronta Alex e diz que L\u00edvia n\u00e3o vai perdo\u00e1-lo por ser um espi\u00e3o. Romeu diz que gosta muito de Julieta para deixar Alex fazer essa sacanagem toda com ela e os amigos. Glaucia escuta Vera falando no telefone e considera uma suposta trai\u00e7\u00e3o ao Bernardo. Dimitri, Ellen, Ian e Nath entram no Mundo da Imagina\u00e7\u00e3o e se deparam com um cen\u00e1rio de um tabuleiro de xadrez e suas pe\u00e7as. Clara e Vitor notam, atrav\u00e9s das c\u00e2meras de seguran\u00e7a da casa, imagens de Bass\u00e2nio invadindo a resid\u00eancia da vizinha. <\/p>\n<p>Eles entendem que Bass\u00e2nio \u00e9 o bandido P\u00e9 de Cabra. Karen e L\u00edvia brigam na quadra, L\u00edvia fala que Karen \u00e9 rejeitada o tempo todo, mas Karen delata que Alex s\u00f3 mudou de lado para descobrir as estrat\u00e9gias da seletiva do campeonato externo e que Alex n\u00e3o que gosta dela. Alex admite que est\u00e1 no Lado Vila para descobrir informa\u00e7\u00f5es, mas que nunca contou nada para Karen. Alex expressa a L\u00edvia que mentiu, mas que gosta de verdade dela e dos amigos dela. L\u00edvia fala que Alex \u00e9 um covarde e que achou que ele era diferente. Glaucia diz para Bernardo tomar cuidado com o que Vera faz quando ele n\u00e3o est\u00e1 por perto. Julieta conversa com L\u00edvia, que chora desesperada no banheiro. Bernardo vai at\u00e9 o Monter Mercado e n\u00e3o encontra Vera. Vitor mostra as imagens de Bass\u00e2nio invadindo uma resid\u00eancia para Mariana, Amanda e Daniel.<\/p>\n<p>(*) edi\u00e7\u00e3o das novelas do SBT, \u201cA Inf\u00e2ncia de Romeu e Julieta\u201d, sujeito a altera\u00e7\u00e3o de data e conte\u00fado.<\/p>\n<p>Sinopse \u201cA Inf\u00e2ncia de Romeu e Julieta\u201d: A Trama se passa no bairro chamado castanheiras, em que duas fam\u00edlias com propostas diferentes para esse bairro vivem em disc\u00f3rdia, sendo divididas entre os lados Torre (Campos) e Vila (Monteiro).[6] Entretanto, Romeu (Miguel \u00c2ngelo) e Julieta (Vitt\u00f3ria Seixas) se conhecem, da\u00ed em diante, as fam\u00edlias rivais t\u00eam uma nova oportunidade de trazer paz e uni\u00e3o entre o conv\u00edvio deles. <\/p>\n<p>Romeu e Julieta n\u00e3o sabem como v\u00e3o fazer para ficarem juntos. A not\u00edcia do romance chega \u00e0s fam\u00edlias, que n\u00e3o gostam nada da hist\u00f3ria e tratam de afasta-los imediatamente, aprontando v\u00e1rias situa\u00e7\u00f5es. Romeu e Julieta querem acabar com essa hostilidade e tentam ir atr\u00e1s de uma solu\u00e7\u00e3o, mas ao descobrirem mais sobre a hist\u00f3ria de seus pais, percebem que pode ser imposs\u00edvel.<\/p>\n","protected":false},"excerpt":{"rendered":"<p>Resumo da novela \u201cA Inf\u00e2ncia de Romeu e Julieta\u201d em 10\/11: no cap\u00edtulo 135(*) da novela, Nando conta para Romeu que Alex s\u00f3 est\u00e1 no Lado Vila para ser espi\u00e3o. Karen quer saber de Alex segredos dos membros do Lado Vila, mas Alex n\u00e3o informa. Julieta, L\u00edvia, Sofia, Patrick e T\u00e9o comentam que Alex vai [&hellip;]<\/p>\n","protected":false},"author":4,"featured_media":232241,"comment_status":"closed","ping_status":"closed","sticky":false,"template":"","format":"standard","meta":{"tdm_status":"","tdm_grid_status":"","footnotes":""},"categories":[2306,379,2025,372,343],"tags":[441],"class_list":{"0":"post-239227","1":"post","2":"type-post","3":"status-publish","4":"format-standard","5":"has-post-thumbnail","7":"category-novela-romeu-e-julieta","8":"category-novelas","9":"category-resumo","10":"category-sbt","11":"category-televisao","12":"tag-resumo-do-dia"},"_links":{"self":[{"href":"https:\/\/migracao.redenoticia.com.br\/noticia\/wp-json\/wp\/v2\/posts\/239227","targetHints":{"allow":["GET"]}}],"collection":[{"href":"https:\/\/migracao.redenoticia.com.br\/noticia\/wp-json\/wp\/v2\/posts"}],"about":[{"href":"https:\/\/migracao.redenoticia.com.br\/noticia\/wp-json\/wp\/v2\/types\/post"}],"author":[{"embeddable":true,"href":"https:\/\/migracao.redenoticia.com.br\/noticia\/wp-json\/wp\/v2\/users\/4"}],"replies":[{"embeddable":true,"href":"https:\/\/migracao.redenoticia.com.br\/noticia\/wp-json\/wp\/v2\/comments?post=239227"}],"version-history":[{"count":0,"href":"https:\/\/migracao.redenoticia.com.br\/noticia\/wp-json\/wp\/v2\/posts\/239227\/revisions"}],"wp:featuredmedia":[{"embeddable":true,"href":"https:\/\/migracao.redenoticia.com.br\/noticia\/wp-json\/wp\/v2\/media\/232241"}],"wp:attachment":[{"href":"https:\/\/migracao.redenoticia.com.br\/noticia\/wp-json\/wp\/v2\/media?parent=239227"}],"wp:term":[{"taxonomy":"category","embeddable":true,"href":"https:\/\/migracao.redenoticia.com.br\/noticia\/wp-json\/wp\/v2\/categories?post=239227"},{"taxonomy":"post_tag","embeddable":true,"href":"https:\/\/migracao.redenoticia.com.br\/noticia\/wp-json\/wp\/v2\/tags?post=239227"}],"curies":[{"name":"wp","href":"https:\/\/api.w.org\/{rel}","templated":true}]}}