{"id":239312,"date":"2023-11-11T12:35:25","date_gmt":"2023-11-11T15:35:25","guid":{"rendered":"https:\/\/www.redenoticia.com.br\/noticia\/?p=239312"},"modified":"2023-11-11T12:35:25","modified_gmt":"2023-11-11T15:35:25","slug":"resumo-elas-por-elas-13-11-roberto-aceita-o-caso-de-helena","status":"publish","type":"post","link":"https:\/\/migracao.redenoticia.com.br\/noticia\/2023\/resumo-elas-por-elas-13-11-roberto-aceita-o-caso-de-helena\/239312","title":{"rendered":"Resumo &#8220;Elas por Elas&#8221; 13\/11: Roberto aceita o caso de Helena"},"content":{"rendered":"<p> <img loading=\"lazy\" decoding=\"async\" src=\"https:\/\/migracao.redenoticia.com.br\/noticia\/imagens\/elas-por-elas-resumo-elenco-globo.jpg\" alt=\"\" width=\"1280\" height=\"720\" class=\"aligncenter size-full wp-image-237222\" srcset=\"https:\/\/migracao.redenoticia.com.br\/noticia\/imagens\/elas-por-elas-resumo-elenco-globo.jpg 1280w, https:\/\/migracao.redenoticia.com.br\/noticia\/imagens\/elas-por-elas-resumo-elenco-globo-250x140.jpg 250w, https:\/\/migracao.redenoticia.com.br\/noticia\/imagens\/elas-por-elas-resumo-elenco-globo-400x225.jpg 400w, https:\/\/migracao.redenoticia.com.br\/noticia\/imagens\/elas-por-elas-resumo-elenco-globo-768x432.jpg 768w, https:\/\/migracao.redenoticia.com.br\/noticia\/imagens\/elas-por-elas-resumo-elenco-globo-150x84.jpg 150w\" sizes=\"auto, (max-width: 1280px) 100vw, 1280px\" \/><\/p>\n<p><strong><em>Resumo da novela &#8220;Elas por Elas&#8221;<\/em><\/strong> em 13\/11: no cap\u00edtulo 041(*) da novela, Helena pede para Roberto ser seu advogado no processo de div\u00f3rcio. Roberto aceita o caso de Helena. Carol d\u00e1 um ultimato em Wanda. Helena v\u00ea \u00cdsis e Tony abra\u00e7ados. S\u00e9rgio cede \u00e0 chantagem de M\u00edriam. Lara comenta com Yeda sobre a conversa que teve com as antigas modelos de Silas. <\/p>\n<p>Nat\u00e1lia encontra uma foto de Helena e Bruno juntos. S\u00e9rgio se anima com um telefonema de Fagundes. Pedro pede Ta\u00eds em casamento. Giovanni se incomoda quando \u00cdsis diz que n\u00e3o pretende se casar com ele. Ta\u00eds sente-se mal ao sair do restaurante com Pedro. Lara desafia Roberto. M\u00edriam incentiva Helena a atrapalhar a vida de Jonas. Fagundes fala para S\u00e9rgio o que descobriu sobre M\u00edriam. Evil\u00e1sio avisa a Ren\u00e9e que est\u00e1 com Wagner.<\/p>\n<p>(*) edi\u00e7\u00e3o das novelas da Globo, &#8220;Elas por Elas&#8221;, sujeito a altera\u00e7\u00e3o de data e conte\u00fado.<\/p>\n<p>Sinopse \u201cElas por Elas\u201d: A trama \u00e9 centrada na hist\u00f3ria de sete amigas dos tempos de col\u00e9gio que n\u00e3o se veem h\u00e1 vinte anos. A mais velha do grupo encontra uma foto das amigas e uma onda de lembran\u00e7as e saudosismo invade sua cabe\u00e7a. Com vontade de reencontr\u00e1-las, ela decide localizar uma por uma e promove uma reuni\u00e3o em sua casa. Todas comparecem ao evento, felizes com o reencontro. No entanto, as lembran\u00e7as do passado e coincid\u00eancias do presente v\u00eam \u00e0 tona, afetando novamente a vida de todas do grupo.<\/p>\n","protected":false},"excerpt":{"rendered":"<p>Resumo da novela &#8220;Elas por Elas&#8221; em 13\/11: no cap\u00edtulo 041(*) da novela, Helena pede para Roberto ser seu advogado no processo de div\u00f3rcio. Roberto aceita o caso de Helena. Carol d\u00e1 um ultimato em Wanda. Helena v\u00ea \u00cdsis e Tony abra\u00e7ados. S\u00e9rgio cede \u00e0 chantagem de M\u00edriam. Lara comenta com Yeda sobre a conversa [&hellip;]<\/p>\n","protected":false},"author":4,"featured_media":237224,"comment_status":"closed","ping_status":"closed","sticky":false,"template":"","format":"standard","meta":{"tdm_status":"","tdm_grid_status":"","footnotes":""},"categories":[2318,379,375,2025,343],"tags":[441],"class_list":{"0":"post-239312","1":"post","2":"type-post","3":"status-publish","4":"format-standard","5":"has-post-thumbnail","7":"category-elas-por-elas","8":"category-novelas","9":"category-rede-globo","10":"category-resumo","11":"category-televisao","12":"tag-resumo-do-dia"},"_links":{"self":[{"href":"https:\/\/migracao.redenoticia.com.br\/noticia\/wp-json\/wp\/v2\/posts\/239312","targetHints":{"allow":["GET"]}}],"collection":[{"href":"https:\/\/migracao.redenoticia.com.br\/noticia\/wp-json\/wp\/v2\/posts"}],"about":[{"href":"https:\/\/migracao.redenoticia.com.br\/noticia\/wp-json\/wp\/v2\/types\/post"}],"author":[{"embeddable":true,"href":"https:\/\/migracao.redenoticia.com.br\/noticia\/wp-json\/wp\/v2\/users\/4"}],"replies":[{"embeddable":true,"href":"https:\/\/migracao.redenoticia.com.br\/noticia\/wp-json\/wp\/v2\/comments?post=239312"}],"version-history":[{"count":0,"href":"https:\/\/migracao.redenoticia.com.br\/noticia\/wp-json\/wp\/v2\/posts\/239312\/revisions"}],"wp:featuredmedia":[{"embeddable":true,"href":"https:\/\/migracao.redenoticia.com.br\/noticia\/wp-json\/wp\/v2\/media\/237224"}],"wp:attachment":[{"href":"https:\/\/migracao.redenoticia.com.br\/noticia\/wp-json\/wp\/v2\/media?parent=239312"}],"wp:term":[{"taxonomy":"category","embeddable":true,"href":"https:\/\/migracao.redenoticia.com.br\/noticia\/wp-json\/wp\/v2\/categories?post=239312"},{"taxonomy":"post_tag","embeddable":true,"href":"https:\/\/migracao.redenoticia.com.br\/noticia\/wp-json\/wp\/v2\/tags?post=239312"}],"curies":[{"name":"wp","href":"https:\/\/api.w.org\/{rel}","templated":true}]}}