{"id":239316,"date":"2023-11-11T12:38:11","date_gmt":"2023-11-11T15:38:11","guid":{"rendered":"https:\/\/www.redenoticia.com.br\/noticia\/?p=239316"},"modified":"2023-11-11T12:38:11","modified_gmt":"2023-11-11T15:38:11","slug":"resumo-terra-e-paixao-13-11-caio-conta-a-aline-que-vinicius-esta-vivo","status":"publish","type":"post","link":"https:\/\/migracao.redenoticia.com.br\/noticia\/2023\/resumo-terra-e-paixao-13-11-caio-conta-a-aline-que-vinicius-esta-vivo\/239316","title":{"rendered":"Resumo &#8220;Terra e Paix\u00e3o&#8221; 13\/11: Caio conta a Aline que Vin\u00edcius est\u00e1 vivo"},"content":{"rendered":"<p> <img loading=\"lazy\" decoding=\"async\" src=\"https:\/\/migracao.redenoticia.com.br\/noticia\/imagens\/novela-terra-e-paixao-resumo.jpg\" alt=\"\" width=\"1280\" height=\"720\" class=\"aligncenter size-full wp-image-231930\" srcset=\"https:\/\/migracao.redenoticia.com.br\/noticia\/imagens\/novela-terra-e-paixao-resumo.jpg 1280w, https:\/\/migracao.redenoticia.com.br\/noticia\/imagens\/novela-terra-e-paixao-resumo-250x140.jpg 250w, https:\/\/migracao.redenoticia.com.br\/noticia\/imagens\/novela-terra-e-paixao-resumo-400x225.jpg 400w, https:\/\/migracao.redenoticia.com.br\/noticia\/imagens\/novela-terra-e-paixao-resumo-768x432.jpg 768w, https:\/\/migracao.redenoticia.com.br\/noticia\/imagens\/novela-terra-e-paixao-resumo-150x84.jpg 150w\" sizes=\"auto, (max-width: 1280px) 100vw, 1280px\" \/> <\/p>\n<p><strong><em>Resumo da novela &#8220;Terra e Paix\u00e3o&#8221;<\/em><\/strong> em 13\/11: no cap\u00edtulo 160(*) da novela, Jurec\u00ea mostra Vin\u00edcius a Caio, e diz que o ge\u00f3logo sobreviveu, mas perdeu a mem\u00f3ria. Kaluan\u00e3 afirma a Caio que n\u00e3o sabe dizer quando a mem\u00f3ria de Vin\u00edcius voltar\u00e1. Agatha se sente humilhada por Caio. Petra aconselha Irene a sair de casa. Caio conta a Aline que Vin\u00edcius est\u00e1 vivo, e que pode ser um aliado. Irene e Ant\u00f4nio concordam com a proposta do div\u00f3rcio, aconselhados por Petra. <\/p>\n<p>Vin\u00edcius concorda que Caio e Aline avisem \u00e0 pol\u00edcia que ele est\u00e1 vivo. Gladys avisa a Gra\u00e7a que Irene quer comprar a casa da fam\u00edlia, com a condi\u00e7\u00e3o de Danielzinho permanecer no im\u00f3vel. Aline e Caio sugerem a Marino que Vin\u00edcius fique na aldeia, em absoluto sigilo e sob prote\u00e7\u00e3o policial. Aline comemora quando Rodrigo avisa que ela pode ficar em suas terras at\u00e9 a nova audi\u00eancia.<\/p>\n<p>(*) edi\u00e7\u00e3o das novelas da Globo, &#8220;Terra e Paix\u00e3o&#8221;, sujeito a altera\u00e7\u00e3o de data e conte\u00fado.<\/p>\n<p>Sinopse &#8220;Terra e Paix\u00e3o&#8221;: Aline vive ao lado do marido Samuel e do filho Jo\u00e3o. Ap\u00f3s um atentado em sua casa, v\u00ea-se sozinha com o menino diante das terras deixadas pelo marido. Aline aprende a plantar com a ajuda de Jonatas, um amigo fiel. Al\u00e9m de contar com ele, tem ao seu lado sua m\u00e3e. Aline se aproxima dos irm\u00e3os Caio e Daniel, filhos do poderoso fazendeiro Ant\u00f4nio, com quem precisa brigar para manter suas terras. Ao lado dos dois rapazes, descobre sentimentos novos. Ant\u00f4nio La Selva \u00e9 casado com Irene com quem tem dois filhos, Daniel e Petra. Ele foi muito apaixonado por Agatha, com quem teve Caio, e culpa o rapaz pela morte da m\u00e3e no pr\u00e9-parto.<\/p>\n","protected":false},"excerpt":{"rendered":"<p>Resumo da novela &#8220;Terra e Paix\u00e3o&#8221; em 13\/11: no cap\u00edtulo 160(*) da novela, Jurec\u00ea mostra Vin\u00edcius a Caio, e diz que o ge\u00f3logo sobreviveu, mas perdeu a mem\u00f3ria. Kaluan\u00e3 afirma a Caio que n\u00e3o sabe dizer quando a mem\u00f3ria de Vin\u00edcius voltar\u00e1. Agatha se sente humilhada por Caio. Petra aconselha Irene a sair de casa. [&hellip;]<\/p>\n","protected":false},"author":2,"featured_media":231928,"comment_status":"closed","ping_status":"closed","sticky":false,"template":"","format":"standard","meta":{"tdm_status":"","tdm_grid_status":"","footnotes":""},"categories":[379,375,2025,343,2305],"tags":[441],"class_list":{"0":"post-239316","1":"post","2":"type-post","3":"status-publish","4":"format-standard","5":"has-post-thumbnail","7":"category-novelas","8":"category-rede-globo","9":"category-resumo","10":"category-televisao","11":"category-terra-e-paixao","12":"tag-resumo-do-dia"},"_links":{"self":[{"href":"https:\/\/migracao.redenoticia.com.br\/noticia\/wp-json\/wp\/v2\/posts\/239316","targetHints":{"allow":["GET"]}}],"collection":[{"href":"https:\/\/migracao.redenoticia.com.br\/noticia\/wp-json\/wp\/v2\/posts"}],"about":[{"href":"https:\/\/migracao.redenoticia.com.br\/noticia\/wp-json\/wp\/v2\/types\/post"}],"author":[{"embeddable":true,"href":"https:\/\/migracao.redenoticia.com.br\/noticia\/wp-json\/wp\/v2\/users\/2"}],"replies":[{"embeddable":true,"href":"https:\/\/migracao.redenoticia.com.br\/noticia\/wp-json\/wp\/v2\/comments?post=239316"}],"version-history":[{"count":0,"href":"https:\/\/migracao.redenoticia.com.br\/noticia\/wp-json\/wp\/v2\/posts\/239316\/revisions"}],"wp:featuredmedia":[{"embeddable":true,"href":"https:\/\/migracao.redenoticia.com.br\/noticia\/wp-json\/wp\/v2\/media\/231928"}],"wp:attachment":[{"href":"https:\/\/migracao.redenoticia.com.br\/noticia\/wp-json\/wp\/v2\/media?parent=239316"}],"wp:term":[{"taxonomy":"category","embeddable":true,"href":"https:\/\/migracao.redenoticia.com.br\/noticia\/wp-json\/wp\/v2\/categories?post=239316"},{"taxonomy":"post_tag","embeddable":true,"href":"https:\/\/migracao.redenoticia.com.br\/noticia\/wp-json\/wp\/v2\/tags?post=239316"}],"curies":[{"name":"wp","href":"https:\/\/api.w.org\/{rel}","templated":true}]}}